{"id":2993,"date":"2023-11-10T09:09:36","date_gmt":"2023-11-10T08:09:36","guid":{"rendered":"https:\/\/svetaobitelj.hr\/?p=2993"},"modified":"2023-11-10T09:09:36","modified_gmt":"2023-11-10T08:09:36","slug":"zupne-obavijesti-32-nedjelja-kroz-godinu-6","status":"publish","type":"post","link":"http:\/\/svetaobitelj.hr\/?p=2993","title":{"rendered":"\u017dupne obavijesti: 32. nedjelja kroz godinu"},"content":{"rendered":"\n<p>Slavimo trideset i drugu nedjelju kroz godinu. U \u017eupama na\u0161e \u0110akova\u010dko-osje\u010dke nadbiskupije obilje\u017eavamo Nedjelju bra\u010dnih jubileja. Gosti na\u0161e \u017eupe su \u010dlanovi misijske skupine iz \u017eupe Sv. \u0106irila i Metoda u Osijeku koji \u0107e u sije\u010dnju sljede\u0107e godine posjetiti siroti\u0161te u Africi o kojem se brinu. Nakon svetih misa prodaju kola\u010de i prikupljaju dragovoljne nov\u010dane priloge za to siroti\u0161te, a svjedo\u010dit \u0107e i g\u0111a Bla\u017eenka o svome iskustvu jer se nedavno vratila iz tog siroti\u0161ta gdje je volontirala.<\/p>\n\n\n\n<p>Sutra ne\u0107e biti biblijskog sata.<\/p>\n\n\n\n<p>U petak slavimo sv. Elizabetu Ugarsku, za\u0161titnicu OFS-a.<\/p>\n\n\n\n<p>U subotu je Nadbiskupijsko spomen-hodo\u010da\u0161\u0107e u Vukovar i obilje\u017eavanje Dana sje\u0107anja na \u017ertvu Vukovara. U 10:00 sati je po\u010detak slu\u017ebenog programa u krugu vukovarske bolnice; u 10:30 kre\u0107e \u201eKolona sje\u0107anja\u201c prema Memorijalnom groblju; u 12:15 je molitva i polaganje vijenaca kod Sredi\u0161njeg kri\u017ea na Memorijalnom groblju; u 13:00 zapo\u010dinje sveta misa koju \u0107e predslaviti mons. Giorgo Lingua, apostolski nuncij u Republici Hrvatskoj. Pozvani smo da kao vjernici hodo\u010dastimo u Vukovar te da okupljeni iska\u017eemo svoju zahvalnost i po\u0161tovanje prema svim poginulim braniteljima i civilnim \u017ertvama Vukovara, Podunavlja, ali i \u010ditavoga na\u0161eg naroda tijekom domovinskoga obrambenog rata. U na\u0161oj \u0107emo \u017eupnoj crkvi imati ve\u010dernju svetu misu za poginule i nestale u obrani Vukovara, a ne\u0107e biti jutarnje svete mise.<\/p>\n\n\n\n<p>Sljede\u0107e nedjelje slavimo trideset i tre\u0107u nedjelju kroz godinu.<\/p>\n\n\n\n<p>Zahvalni za va\u0161u pomo\u0107 kojom poma\u017eete obnovu na\u0161ih crkava i samostana nastradalih u potresima, preporu\u010damo se i nadalje va\u0161oj dobroti. Svoj nov\u010dani prilog mo\u017eete dati u posebno ozna\u010denu \u0161krabicu pri izlazu iz crkve ili u \u017eupni ured ili direktno uplatiti na ra\u010dun koji se nalazi na plakatu ili letku.<\/p>\n\n\n\n<p>Molimo sve vas koji jo\u0161 nemate \u017eupnu obiteljsku knji\u017eicu ili je potrebno upisati promjene u postoje\u0107e, da se javite u \u017eupni ured.<\/p>\n\n\n\n<p>U \u017eupnom uredu i u gornjoj sakristiji mo\u017eete kupiti kalendare za sljede\u0107u gra\u0111ansku godinu.<\/p>\n\n\n\n<p>Kupujte i \u010ditajte katoli\u010dki vjerski tisak.<\/p>\n","protected":false},"excerpt":{"rendered":"<p>Slavimo trideset i drugu nedjelju kroz godinu. U \u017eupama na\u0161e \u0110akova\u010dko-osje\u010dke nadbiskupije obilje\u017eavamo Nedjelju bra\u010dnih jubileja. Gosti na\u0161e \u017eupe su \u010dlanovi misijske skupine iz \u017eupe Sv. \u0106irila i Metoda u Osijeku koji \u0107e u sije\u010dnju sljede\u0107e godine posjetiti siroti\u0161te u Africi o kojem se brinu. Nakon svetih misa prodaju kola\u010de i prikupljaju dragovoljne nov\u010dane priloge <a href=\"http:\/\/svetaobitelj.hr\/?p=2993\" class=\"more-link\">[&hellip;]<\/a><\/p>\n","protected":false},"author":2,"featured_media":0,"comment_status":"closed","ping_status":"open","sticky":false,"template":"","format":"standard","meta":{"footnotes":""},"categories":[3],"tags":[],"class_list":["entry","author-","post-2993","post","type-post","status-publish","format-standard","category-zupa"],"_links":{"self":[{"href":"http:\/\/svetaobitelj.hr\/index.php?rest_route=\/wp\/v2\/posts\/2993","targetHints":{"allow":["GET"]}}],"collection":[{"href":"http:\/\/svetaobitelj.hr\/index.php?rest_route=\/wp\/v2\/posts"}],"about":[{"href":"http:\/\/svetaobitelj.hr\/index.php?rest_route=\/wp\/v2\/types\/post"}],"author":[{"embeddable":true,"href":"http:\/\/svetaobitelj.hr\/index.php?rest_route=\/wp\/v2\/users\/2"}],"replies":[{"embeddable":true,"href":"http:\/\/svetaobitelj.hr\/index.php?rest_route=%2Fwp%2Fv2%2Fcomments&post=2993"}],"version-history":[{"count":1,"href":"http:\/\/svetaobitelj.hr\/index.php?rest_route=\/wp\/v2\/posts\/2993\/revisions"}],"predecessor-version":[{"id":2994,"href":"http:\/\/svetaobitelj.hr\/index.php?rest_route=\/wp\/v2\/posts\/2993\/revisions\/2994"}],"wp:attachment":[{"href":"http:\/\/svetaobitelj.hr\/index.php?rest_route=%2Fwp%2Fv2%2Fmedia&parent=2993"}],"wp:term":[{"taxonomy":"category","embeddable":true,"href":"http:\/\/svetaobitelj.hr\/index.php?rest_route=%2Fwp%2Fv2%2Fcategories&post=2993"},{"taxonomy":"post_tag","embeddable":true,"href":"http:\/\/svetaobitelj.hr\/index.php?rest_route=%2Fwp%2Fv2%2Ftags&post=2993"}],"curies":[{"name":"wp","href":"https:\/\/api.w.org\/{rel}","templated":true}]}}