{"id":2985,"date":"2023-11-03T11:28:48","date_gmt":"2023-11-03T10:28:48","guid":{"rendered":"https:\/\/svetaobitelj.hr\/?p=2985"},"modified":"2023-11-04T13:03:50","modified_gmt":"2023-11-04T12:03:50","slug":"zupne-obavijesti-31-nedjelja-kroz-godinu-5","status":"publish","type":"post","link":"http:\/\/svetaobitelj.hr\/?p=2985","title":{"rendered":"\u017dupne obavijesti: 31. nedjelja kroz godinu"},"content":{"rendered":"\n<p>Slavimo trideset i prvu nedjelju kroz godinu. Prva je nedjelja u mjesecu kada svojim molitvama i nov\u010danim prilozima poma\u017eemo na\u0161a sjemeni\u0161ta te molimo za duhovna zvanja. Svoj nov\u010dani dar za sjemeni\u0161ta mo\u017eete dati na izlazu iz crkve.<\/p>\n\n\n\n<p>Sutra ne\u0107e biti biblijskog sata.<\/p>\n\n\n\n<p>U utorak obilje\u017eavamo spomen smrti sluge Bo\u017ejega fra Alekse Benigara. <\/p>\n\n\n\n<p>U \u010detvrtak je u 18:15 pobo\u017enost na \u010dast bl. Mariji Petkovi\u0107. <\/p>\n\n\n\n<p>Sljede\u0107e nedjelje slavimo trideset i drugu nedjelju kroz godinu. U \u017eupama na\u0161e \u0110akova\u010dko-osje\u010dke nadbiskupije obilje\u017eit \u0107e se Nedjelja bra\u010dnih jubileja. U na\u0161oj \u017eupnoj crkvi obilje\u017eit \u0107emo bra\u010dne jubileje pod svetom misom u 9:00 sati. Redoviti mjese\u010dni susret Mjesnoga bratstva OFS-a bit \u0107e u 16:30 sati.<\/p>\n\n\n\n<p>Sljede\u0107e nedjelje posjetit \u0107e nas \u010dlanovi misijske skupine iz \u017eupe Sv. \u0106irila i Metoda u Osijeku koji \u0107e u sije\u010dnju sljede\u0107e godine posjetiti siroti\u0161te u Africi o kojem se brinu. Nakon svetih misa prodavat \u0107e kola\u010de i prikupljati dragovoljne nov\u010dane priloge za to siroti\u0161te, a svjedo\u010dit \u0107e i g\u0111a Bla\u017eenka o svome iskustvu jer se nedavno vratila iz tog siroti\u0161ta gdje je volontirala. Zainteresirani koji \u017eele biti kumovi djece u Africi te im tako i pomagati u \u0161kolovanju, a da to ve\u0107 nisu, mo\u0107i \u0107e dobiti potrebne informacije.<\/p>\n\n\n\n<p>Nadbiskupijsko spomen-hodo\u010da\u0161\u0107e u Vukovar i obilje\u017eavanje Dana sje\u0107anja na \u017ertvu Vukovara bit \u0107e u subotu, 18. studenoga. U 10:00 sati je po\u010detak slu\u017ebenog programa u krugu vukovarske bolnice; u 10:30 kre\u0107e \u201eKolona sje\u0107anja\u201c prema Memorijalnom groblju; u 12:15 je molitva i polaganje vijenaca kod Sredi\u0161njeg kri\u017ea na Memorijalnom groblju; u 13:00 zapo\u010dinje sveta misa koju \u0107e predslaviti mons. Giorgo Lingua, apostolski nuncij u Republici Hrvatskoj. Pozvani smo da kao vjernici hodo\u010dastimo u Vukovar te da okupljeni iska\u017eemo svoju zahvalnost i po\u0161tovanje prema svim poginulim braniteljima i civilnim \u017ertvama Vukovara, Podunavlja, ali i \u010ditavoga na\u0161eg naroda tijekom domovinskoga obrambenog rata.<\/p>\n\n\n\n<p>Zahvalni za va\u0161u pomo\u0107 kojom poma\u017eete obnovu na\u0161ih crkava i samostana nastradalih u potresima, preporu\u010damo se i nadalje va\u0161oj dobroti. Svoj nov\u010dani prilog mo\u017eete dati u posebno ozna\u010denu \u0161krabicu pri izlazu iz crkve ili u \u017eupni ured ili direktno uplatiti na ra\u010dun koji se nalazi na plakatu ili letku.<\/p>\n\n\n\n<p>Molimo sve vas koji jo\u0161 nemate \u017eupnu obiteljsku knji\u017eicu ili je potrebno upisati promjene u postoje\u0107e, da se javite u \u017eupni ured.<\/p>\n\n\n\n<p>U \u017eupnom uredu i u gornjoj sakristiji mo\u017eete kupiti kalendare za sljede\u0107u gra\u0111ansku godinu.<\/p>\n\n\n\n<p>Kupujte i \u010ditajte katoli\u010dki vjerski tisak.<\/p>\n","protected":false},"excerpt":{"rendered":"<p>Slavimo trideset i prvu nedjelju kroz godinu. Prva je nedjelja u mjesecu kada svojim molitvama i nov\u010danim prilozima poma\u017eemo na\u0161a sjemeni\u0161ta te molimo za duhovna zvanja. Svoj nov\u010dani dar za sjemeni\u0161ta mo\u017eete dati na izlazu iz crkve. Sutra ne\u0107e biti biblijskog sata. U utorak obilje\u017eavamo spomen smrti sluge Bo\u017ejega fra Alekse Benigara. U \u010detvrtak je <a href=\"http:\/\/svetaobitelj.hr\/?p=2985\" class=\"more-link\">[&hellip;]<\/a><\/p>\n","protected":false},"author":2,"featured_media":0,"comment_status":"closed","ping_status":"open","sticky":false,"template":"","format":"standard","meta":{"footnotes":""},"categories":[3],"tags":[],"class_list":["entry","author-","post-2985","post","type-post","status-publish","format-standard","category-zupa"],"_links":{"self":[{"href":"http:\/\/svetaobitelj.hr\/index.php?rest_route=\/wp\/v2\/posts\/2985","targetHints":{"allow":["GET"]}}],"collection":[{"href":"http:\/\/svetaobitelj.hr\/index.php?rest_route=\/wp\/v2\/posts"}],"about":[{"href":"http:\/\/svetaobitelj.hr\/index.php?rest_route=\/wp\/v2\/types\/post"}],"author":[{"embeddable":true,"href":"http:\/\/svetaobitelj.hr\/index.php?rest_route=\/wp\/v2\/users\/2"}],"replies":[{"embeddable":true,"href":"http:\/\/svetaobitelj.hr\/index.php?rest_route=%2Fwp%2Fv2%2Fcomments&post=2985"}],"version-history":[{"count":2,"href":"http:\/\/svetaobitelj.hr\/index.php?rest_route=\/wp\/v2\/posts\/2985\/revisions"}],"predecessor-version":[{"id":2992,"href":"http:\/\/svetaobitelj.hr\/index.php?rest_route=\/wp\/v2\/posts\/2985\/revisions\/2992"}],"wp:attachment":[{"href":"http:\/\/svetaobitelj.hr\/index.php?rest_route=%2Fwp%2Fv2%2Fmedia&parent=2985"}],"wp:term":[{"taxonomy":"category","embeddable":true,"href":"http:\/\/svetaobitelj.hr\/index.php?rest_route=%2Fwp%2Fv2%2Fcategories&post=2985"},{"taxonomy":"post_tag","embeddable":true,"href":"http:\/\/svetaobitelj.hr\/index.php?rest_route=%2Fwp%2Fv2%2Ftags&post=2985"}],"curies":[{"name":"wp","href":"https:\/\/api.w.org\/{rel}","templated":true}]}}