{"id":2974,"date":"2023-10-27T07:44:50","date_gmt":"2023-10-27T06:44:50","guid":{"rendered":"https:\/\/svetaobitelj.hr\/?p=2974"},"modified":"2023-10-28T17:45:37","modified_gmt":"2023-10-28T16:45:37","slug":"zupne-obavijesti-30-nedjelja-kroz-godinu-6","status":"publish","type":"post","link":"http:\/\/svetaobitelj.hr\/?p=2974","title":{"rendered":"\u017dupne obavijesti: 30. nedjelja kroz godinu"},"content":{"rendered":"\n<p>Slavimo tridesetu nedjelju kroz godinu.<\/p>\n\n\n\n<p>Sutra, u utorak i u \u010detvrtak ne\u0107e biti \u017eupnih kateheza.<\/p>\n\n\n\n<p>Sutra je biblijski sat nakon ve\u010dernje svete mise.<\/p>\n\n\n\n<p>U Bogoslovnom sjemeni\u0161tu u \u0110akovu bit \u0107e Susret o razlu\u010divanju zvanja od 3. do 5. studenoga ove godine. Susret je namijenjen studentima i mladi\u0107ima koji su zavr\u0161ili srednju \u0161kolu, a gornja dobna granica je 35 godina. Zainteresirani neka se jave u \u017eupni ured do 1. studenoga. <\/p>\n\n\n\n<p>U srijedu slavimo Svi svete, zapovijedanu svetkovinu. Svete mise su u 7:00, 9:00, 11:00 i 18:30 sati.<\/p>\n\n\n\n<p>U \u010detvrtak slavimo Spomen svih vjernih mrtvih. Svete mise su u 7:30 i 18:30 sati. Ne\u0107e biti klanjanja pred Presvetim.<\/p>\n\n\n\n<p>U subotu \u0107emo pod ve\u010dernjom svetom misom moliti za duhovna zvanja budu\u0107i da je prva subota u mjesecu.<\/p>\n\n\n\n<p>Sljede\u0107e nedjelje slavimo trideset i prvu nedjelju kroz godinu. Ujedno je prva nedjelja u mjesecu kada svojim molitvama i nov\u010danim prilozima poma\u017eemo na\u0161a sjemeni\u0161ta te molimo za duhovna zvanja. Pod jutarnjom svetom misom molit \u0107emo za dobro\u010dinitelje na\u0161e crkve i samostana.<\/p>\n\n\n\n<p>Na trideset i drugu nedjelju kroz godinu, tj. 12. studenoga ove godine, u \u017eupama na\u0161e \u0110akova\u010dko-osje\u010dke nadbiskupije obilje\u017eit \u0107e se Nedjelja bra\u010dnih jubileja. Svi koji slavite 20, 25, 30, 40, 50 godina braka ili vi\u0161e od toga, javite se tijekom tjedna u \u017eupni ured kako bi se zajedni\u010dki pripremili za slavlje u na\u0161oj \u017eupi koje \u0107e biti pod svetom misom te nedjelje u 9:00 sati.<\/p>\n\n\n\n<p>Zahvalni za va\u0161u pomo\u0107 kojom poma\u017eete obnovu na\u0161ih crkava i samostana nastradalih u potresima, preporu\u010damo se i nadalje va\u0161oj dobroti. Svoj nov\u010dani prilog mo\u017eete dati u posebno ozna\u010denu \u0161krabicu pri izlazu iz crkve ili u \u017eupni ured ili direktno uplatiti na ra\u010dun koji se nalazi na plakatu ili letku.<\/p>\n\n\n\n<p>Molimo sve vas koji jo\u0161 nemate \u017eupnu obiteljsku knji\u017eicu ili je potrebno upisati promjene u postoje\u0107e, da se javite u \u017eupni ured.<\/p>\n\n\n\n<p>U \u017eupnom uredu i u gornjoj sakristiji mo\u017eete kupiti kalendare za sljede\u0107u gra\u0111ansku godinu. Kupujte i \u010ditajte katoli\u010dki vjerski tisak.<\/p>\n","protected":false},"excerpt":{"rendered":"<p>Slavimo tridesetu nedjelju kroz godinu. Sutra, u utorak i u \u010detvrtak ne\u0107e biti \u017eupnih kateheza. Sutra je biblijski sat nakon ve\u010dernje svete mise. U Bogoslovnom sjemeni\u0161tu u \u0110akovu bit \u0107e Susret o razlu\u010divanju zvanja od 3. do 5. studenoga ove godine. Susret je namijenjen studentima i mladi\u0107ima koji su zavr\u0161ili srednju \u0161kolu, a gornja dobna <a href=\"http:\/\/svetaobitelj.hr\/?p=2974\" class=\"more-link\">[&hellip;]<\/a><\/p>\n","protected":false},"author":2,"featured_media":0,"comment_status":"closed","ping_status":"open","sticky":false,"template":"","format":"standard","meta":{"footnotes":""},"categories":[3],"tags":[],"class_list":["entry","author-","post-2974","post","type-post","status-publish","format-standard","category-zupa"],"_links":{"self":[{"href":"http:\/\/svetaobitelj.hr\/index.php?rest_route=\/wp\/v2\/posts\/2974","targetHints":{"allow":["GET"]}}],"collection":[{"href":"http:\/\/svetaobitelj.hr\/index.php?rest_route=\/wp\/v2\/posts"}],"about":[{"href":"http:\/\/svetaobitelj.hr\/index.php?rest_route=\/wp\/v2\/types\/post"}],"author":[{"embeddable":true,"href":"http:\/\/svetaobitelj.hr\/index.php?rest_route=\/wp\/v2\/users\/2"}],"replies":[{"embeddable":true,"href":"http:\/\/svetaobitelj.hr\/index.php?rest_route=%2Fwp%2Fv2%2Fcomments&post=2974"}],"version-history":[{"count":2,"href":"http:\/\/svetaobitelj.hr\/index.php?rest_route=\/wp\/v2\/posts\/2974\/revisions"}],"predecessor-version":[{"id":2977,"href":"http:\/\/svetaobitelj.hr\/index.php?rest_route=\/wp\/v2\/posts\/2974\/revisions\/2977"}],"wp:attachment":[{"href":"http:\/\/svetaobitelj.hr\/index.php?rest_route=%2Fwp%2Fv2%2Fmedia&parent=2974"}],"wp:term":[{"taxonomy":"category","embeddable":true,"href":"http:\/\/svetaobitelj.hr\/index.php?rest_route=%2Fwp%2Fv2%2Fcategories&post=2974"},{"taxonomy":"post_tag","embeddable":true,"href":"http:\/\/svetaobitelj.hr\/index.php?rest_route=%2Fwp%2Fv2%2Ftags&post=2974"}],"curies":[{"name":"wp","href":"https:\/\/api.w.org\/{rel}","templated":true}]}}