{"id":2968,"date":"2023-10-23T14:04:23","date_gmt":"2023-10-23T13:04:23","guid":{"rendered":"https:\/\/svetaobitelj.hr\/?p=2968"},"modified":"2023-10-23T14:04:24","modified_gmt":"2023-10-23T13:04:24","slug":"zar-u-srcu-noge-na-putu","status":"publish","type":"post","link":"http:\/\/svetaobitelj.hr\/?p=2968","title":{"rendered":"\u017dar u srcu, noge na putu&#8230;"},"content":{"rendered":"\n<div class=\"wp-block-image\"><figure class=\"aligncenter size-large\"><img loading=\"lazy\" decoding=\"async\" width=\"1024\" height=\"1024\" src=\"https:\/\/svetaobitelj.hr\/wp-content\/uploads\/2023\/10\/IMG-d32b9145ab6159e7a3d7895ec6cff82e-V-1024x1024.jpg\" alt=\"\" class=\"wp-image-2969\" srcset=\"http:\/\/svetaobitelj.hr\/wp-content\/uploads\/2023\/10\/IMG-d32b9145ab6159e7a3d7895ec6cff82e-V-1024x1024.jpg 1024w, http:\/\/svetaobitelj.hr\/wp-content\/uploads\/2023\/10\/IMG-d32b9145ab6159e7a3d7895ec6cff82e-V-300x300.jpg 300w, http:\/\/svetaobitelj.hr\/wp-content\/uploads\/2023\/10\/IMG-d32b9145ab6159e7a3d7895ec6cff82e-V-150x150.jpg 150w, http:\/\/svetaobitelj.hr\/wp-content\/uploads\/2023\/10\/IMG-d32b9145ab6159e7a3d7895ec6cff82e-V-768x768.jpg 768w, http:\/\/svetaobitelj.hr\/wp-content\/uploads\/2023\/10\/IMG-d32b9145ab6159e7a3d7895ec6cff82e-V-1536x1536.jpg 1536w, http:\/\/svetaobitelj.hr\/wp-content\/uploads\/2023\/10\/IMG-d32b9145ab6159e7a3d7895ec6cff82e-V.jpg 1600w\" sizes=\"auto, (max-width: 1024px) 100vw, 1024px\" \/><\/figure><\/div>\n\n\n\n<p>Kao i svake godine, Misijska skupina na\u0161e \u017eupe prigodno je uredila prostor oko oltara kako bi i na ovaj na\u010din obilje\u017eili Misijsku nedjelju. Tjedan prije misijske nedjelje \u010dlanovi Misijske skupine su svaki dan nakon evan\u0111elja \u010ditali promi\u0161ljanja raznih misionara o evan\u0111elju tog dana. U srijedu prije ve\u010dernje svete mise, ministranti su predmolili misijsku krunicu.<\/p>\n\n\n\n<div class=\"wp-block-image\"><figure class=\"aligncenter size-large\"><img loading=\"lazy\" decoding=\"async\" width=\"1024\" height=\"1024\" src=\"https:\/\/svetaobitelj.hr\/wp-content\/uploads\/2023\/10\/IMG-035e7aa53dcc00dfd42778abc4b2bda8-V-1024x1024.jpg\" alt=\"\" class=\"wp-image-2970\" srcset=\"http:\/\/svetaobitelj.hr\/wp-content\/uploads\/2023\/10\/IMG-035e7aa53dcc00dfd42778abc4b2bda8-V-1024x1024.jpg 1024w, http:\/\/svetaobitelj.hr\/wp-content\/uploads\/2023\/10\/IMG-035e7aa53dcc00dfd42778abc4b2bda8-V-300x300.jpg 300w, http:\/\/svetaobitelj.hr\/wp-content\/uploads\/2023\/10\/IMG-035e7aa53dcc00dfd42778abc4b2bda8-V-150x150.jpg 150w, http:\/\/svetaobitelj.hr\/wp-content\/uploads\/2023\/10\/IMG-035e7aa53dcc00dfd42778abc4b2bda8-V-768x768.jpg 768w, http:\/\/svetaobitelj.hr\/wp-content\/uploads\/2023\/10\/IMG-035e7aa53dcc00dfd42778abc4b2bda8-V-1536x1536.jpg 1536w, http:\/\/svetaobitelj.hr\/wp-content\/uploads\/2023\/10\/IMG-035e7aa53dcc00dfd42778abc4b2bda8-V.jpg 1600w\" sizes=\"auto, (max-width: 1024px) 100vw, 1024px\" \/><\/figure><\/div>\n\n\n\n<p>\u00a0Na samu misijsku nedjelju na svetoj misi u 11 sati osnovno\u0161kolci su pripremili su kratki igrokaz, a \u017eupljani su imali priliku nakon svetih misa kupiti drvene ku\u0107ice, a prilog od prodaje je namijenjen za potrebe misija.<\/p>\n","protected":false},"excerpt":{"rendered":"<p>Kao i svake godine, Misijska skupina na\u0161e \u017eupe prigodno je uredila prostor oko oltara kako bi i na ovaj na\u010din obilje\u017eili Misijsku nedjelju. Tjedan prije misijske nedjelje \u010dlanovi Misijske skupine su svaki dan nakon evan\u0111elja \u010ditali promi\u0161ljanja raznih misionara o evan\u0111elju tog dana. U srijedu prije ve\u010dernje svete mise, ministranti su predmolili misijsku krunicu. \u00a0Na <a href=\"http:\/\/svetaobitelj.hr\/?p=2968\" class=\"more-link\">[&hellip;]<\/a><\/p>\n","protected":false},"author":2,"featured_media":0,"comment_status":"closed","ping_status":"open","sticky":false,"template":"","format":"standard","meta":{"footnotes":""},"categories":[3],"tags":[],"class_list":["entry","author-","post-2968","post","type-post","status-publish","format-standard","category-zupa"],"_links":{"self":[{"href":"http:\/\/svetaobitelj.hr\/index.php?rest_route=\/wp\/v2\/posts\/2968","targetHints":{"allow":["GET"]}}],"collection":[{"href":"http:\/\/svetaobitelj.hr\/index.php?rest_route=\/wp\/v2\/posts"}],"about":[{"href":"http:\/\/svetaobitelj.hr\/index.php?rest_route=\/wp\/v2\/types\/post"}],"author":[{"embeddable":true,"href":"http:\/\/svetaobitelj.hr\/index.php?rest_route=\/wp\/v2\/users\/2"}],"replies":[{"embeddable":true,"href":"http:\/\/svetaobitelj.hr\/index.php?rest_route=%2Fwp%2Fv2%2Fcomments&post=2968"}],"version-history":[{"count":1,"href":"http:\/\/svetaobitelj.hr\/index.php?rest_route=\/wp\/v2\/posts\/2968\/revisions"}],"predecessor-version":[{"id":2971,"href":"http:\/\/svetaobitelj.hr\/index.php?rest_route=\/wp\/v2\/posts\/2968\/revisions\/2971"}],"wp:attachment":[{"href":"http:\/\/svetaobitelj.hr\/index.php?rest_route=%2Fwp%2Fv2%2Fmedia&parent=2968"}],"wp:term":[{"taxonomy":"category","embeddable":true,"href":"http:\/\/svetaobitelj.hr\/index.php?rest_route=%2Fwp%2Fv2%2Fcategories&post=2968"},{"taxonomy":"post_tag","embeddable":true,"href":"http:\/\/svetaobitelj.hr\/index.php?rest_route=%2Fwp%2Fv2%2Ftags&post=2968"}],"curies":[{"name":"wp","href":"https:\/\/api.w.org\/{rel}","templated":true}]}}