{"id":2959,"date":"2023-10-16T07:42:44","date_gmt":"2023-10-16T06:42:44","guid":{"rendered":"https:\/\/svetaobitelj.hr\/?p=2959"},"modified":"2023-10-16T07:42:45","modified_gmt":"2023-10-16T06:42:45","slug":"smijem-li-te-zvati-svojim","status":"publish","type":"post","link":"http:\/\/svetaobitelj.hr\/?p=2959","title":{"rendered":"Smijem li te zvati svojim?"},"content":{"rendered":"\n<p>U nedjelju, 15. listopada u Multimedijskoj dvorani Centra za kulturu u \u010cepinu, u organizaciji \u017dupe Uskrsnu\u0107a Kristova i Duha Svetoga premijerno je prikazan film Domagoja Peji\u0107a &#8220;Smijem li te zvati svojim?&#8221; u kojem se govori o Krakowu i Wadowicama kao gradovima Karola Wojtyle. Film je snimljen kao izraz zahvalnosti povodom 20. obljetnice tre\u0107eg pastoralnog pohoda sv. Ivana Pavla II Hrvatskoj, prikazan je u sklopu prisje\u0107anja na 20. godi\u0161njicu posjeta sv. Ivana Pavla II. \u010cepinu.<\/p>\n\n\n\n<div class=\"wp-block-image\"><figure class=\"aligncenter size-large\"><img loading=\"lazy\" decoding=\"async\" width=\"768\" height=\"1024\" src=\"https:\/\/svetaobitelj.hr\/wp-content\/uploads\/2023\/10\/IMG-6cf1d0e9dfb12f665eaf69e3c4f5d36d-V-1-768x1024.jpg\" alt=\"\" class=\"wp-image-2960\" srcset=\"http:\/\/svetaobitelj.hr\/wp-content\/uploads\/2023\/10\/IMG-6cf1d0e9dfb12f665eaf69e3c4f5d36d-V-1-768x1024.jpg 768w, http:\/\/svetaobitelj.hr\/wp-content\/uploads\/2023\/10\/IMG-6cf1d0e9dfb12f665eaf69e3c4f5d36d-V-1-225x300.jpg 225w, http:\/\/svetaobitelj.hr\/wp-content\/uploads\/2023\/10\/IMG-6cf1d0e9dfb12f665eaf69e3c4f5d36d-V-1-1152x1536.jpg 1152w, http:\/\/svetaobitelj.hr\/wp-content\/uploads\/2023\/10\/IMG-6cf1d0e9dfb12f665eaf69e3c4f5d36d-V-1.jpg 1200w\" sizes=\"auto, (max-width: 768px) 100vw, 768px\" \/><\/figure><\/div>\n\n\n\n<p>Ovom prilikom predstavljena je i knjiga Domagoja Peji\u0107a o \u017eivotu sv. Ivana Pavla II &#8220;Ro\u0111en sam u Wadowicama&#8221;.<\/p>\n\n\n\n<div class=\"wp-block-image\"><figure class=\"aligncenter size-large\"><img loading=\"lazy\" decoding=\"async\" width=\"768\" height=\"1024\" src=\"https:\/\/svetaobitelj.hr\/wp-content\/uploads\/2023\/10\/Knjiga-svi-768x1024.jpg\" alt=\"\" class=\"wp-image-2961\" srcset=\"http:\/\/svetaobitelj.hr\/wp-content\/uploads\/2023\/10\/Knjiga-svi-768x1024.jpg 768w, http:\/\/svetaobitelj.hr\/wp-content\/uploads\/2023\/10\/Knjiga-svi-225x300.jpg 225w, http:\/\/svetaobitelj.hr\/wp-content\/uploads\/2023\/10\/Knjiga-svi-1152x1536.jpg 1152w, http:\/\/svetaobitelj.hr\/wp-content\/uploads\/2023\/10\/Knjiga-svi.jpg 1200w\" sizes=\"auto, (max-width: 768px) 100vw, 768px\" \/><\/figure><\/div>\n\n\n\n<p>Bilo je lijepo dru\u017eiti i vidjeti &#8220;stare prijatelje&#8221; &#8211; novinara i voditelja Hrvatskoga katoli\u010dkog radija Domagoja Peji\u0107a\u00a0i dr.sc vl\u010d. \u0110uricu Pardona, te im ovim putem zahvaljujemo na osobnom pozivu za sudjelovanje na ovom doga\u0111aju!<\/p>\n\n\n\n<div class=\"wp-block-image\"><figure class=\"aligncenter size-large\"><img loading=\"lazy\" decoding=\"async\" width=\"1024\" height=\"768\" src=\"https:\/\/svetaobitelj.hr\/wp-content\/uploads\/2023\/10\/Knjiga-mi-1024x768.jpg\" alt=\"\" class=\"wp-image-2962\" srcset=\"http:\/\/svetaobitelj.hr\/wp-content\/uploads\/2023\/10\/Knjiga-mi-1024x768.jpg 1024w, http:\/\/svetaobitelj.hr\/wp-content\/uploads\/2023\/10\/Knjiga-mi-300x225.jpg 300w, http:\/\/svetaobitelj.hr\/wp-content\/uploads\/2023\/10\/Knjiga-mi-768x576.jpg 768w, http:\/\/svetaobitelj.hr\/wp-content\/uploads\/2023\/10\/Knjiga-mi-1536x1152.jpg 1536w, http:\/\/svetaobitelj.hr\/wp-content\/uploads\/2023\/10\/Knjiga-mi.jpg 1600w\" sizes=\"auto, (max-width: 1024px) 100vw, 1024px\" \/><\/figure><\/div>\n","protected":false},"excerpt":{"rendered":"<p>U nedjelju, 15. listopada u Multimedijskoj dvorani Centra za kulturu u \u010cepinu, u organizaciji \u017dupe Uskrsnu\u0107a Kristova i Duha Svetoga premijerno je prikazan film Domagoja Peji\u0107a &#8220;Smijem li te zvati svojim?&#8221; u kojem se govori o Krakowu i Wadowicama kao gradovima Karola Wojtyle. Film je snimljen kao izraz zahvalnosti povodom 20. obljetnice tre\u0107eg pastoralnog pohoda <a href=\"http:\/\/svetaobitelj.hr\/?p=2959\" class=\"more-link\">[&hellip;]<\/a><\/p>\n","protected":false},"author":2,"featured_media":0,"comment_status":"closed","ping_status":"open","sticky":false,"template":"","format":"standard","meta":{"footnotes":""},"categories":[3],"tags":[],"class_list":["entry","author-","post-2959","post","type-post","status-publish","format-standard","category-zupa"],"_links":{"self":[{"href":"http:\/\/svetaobitelj.hr\/index.php?rest_route=\/wp\/v2\/posts\/2959","targetHints":{"allow":["GET"]}}],"collection":[{"href":"http:\/\/svetaobitelj.hr\/index.php?rest_route=\/wp\/v2\/posts"}],"about":[{"href":"http:\/\/svetaobitelj.hr\/index.php?rest_route=\/wp\/v2\/types\/post"}],"author":[{"embeddable":true,"href":"http:\/\/svetaobitelj.hr\/index.php?rest_route=\/wp\/v2\/users\/2"}],"replies":[{"embeddable":true,"href":"http:\/\/svetaobitelj.hr\/index.php?rest_route=%2Fwp%2Fv2%2Fcomments&post=2959"}],"version-history":[{"count":1,"href":"http:\/\/svetaobitelj.hr\/index.php?rest_route=\/wp\/v2\/posts\/2959\/revisions"}],"predecessor-version":[{"id":2963,"href":"http:\/\/svetaobitelj.hr\/index.php?rest_route=\/wp\/v2\/posts\/2959\/revisions\/2963"}],"wp:attachment":[{"href":"http:\/\/svetaobitelj.hr\/index.php?rest_route=%2Fwp%2Fv2%2Fmedia&parent=2959"}],"wp:term":[{"taxonomy":"category","embeddable":true,"href":"http:\/\/svetaobitelj.hr\/index.php?rest_route=%2Fwp%2Fv2%2Fcategories&post=2959"},{"taxonomy":"post_tag","embeddable":true,"href":"http:\/\/svetaobitelj.hr\/index.php?rest_route=%2Fwp%2Fv2%2Ftags&post=2959"}],"curies":[{"name":"wp","href":"https:\/\/api.w.org\/{rel}","templated":true}]}}