{"id":2947,"date":"2023-10-13T13:40:17","date_gmt":"2023-10-13T12:40:17","guid":{"rendered":"https:\/\/svetaobitelj.hr\/?p=2947"},"modified":"2023-10-13T13:40:17","modified_gmt":"2023-10-13T12:40:17","slug":"zupne-obavijesti-28-nedjelja-kroz-godinu-6","status":"publish","type":"post","link":"http:\/\/svetaobitelj.hr\/?p=2947","title":{"rendered":"\u017dupne obavijesti: 28. nedjelja kroz godinu"},"content":{"rendered":"\n<p>Slavimo dvadeset i osmu nedjelju kroz godinu.<\/p>\n\n\n\n<p>Od sutra pa do subote pod ve\u010dernjim svetim misama molit \u0107emo i razmi\u0161ljati o potrebama misija i misionara budu\u0107i da sljede\u0107e nedjelje slavimo Misijsku nedjelju. Pozvani smo na sudjelovanje u na\u0161oj crkvi te da svojim molitvama i nov\u010danim prilozima pomognemo rad misionara diljem svijeta.<\/p>\n\n\n\n<p>Sutra je biblijski sat nakon ve\u010dernje svete mise. <\/p>\n\n\n\n<p>U utorak \u0107e \u017eupni ured biti otvoren samo od 17:00 do 18:00 sati.<\/p>\n\n\n\n<p>Sljede\u0107e nedjelje slavimo dvadeset i devetu nedjelju kroz godinu. Ujedno je pretposljednja nedjelja u listopadu i slavimo Misijsku nedjelju kada svojim molitvama i nov\u010danim prilozima \u017eelimo pomo\u0107i rad misionara u misijama diljem svijeta. Svoj nov\u010dani prilog za misije mo\u0107i \u0107ete dati na izlazu iz crkve.<\/p>\n\n\n\n<p>Zahvalni za va\u0161u pomo\u0107 kojom poma\u017eete obnovu na\u0161ih crkava i samostana nastradalih u potresima, preporu\u010damo se i nadalje va\u0161oj dobroti. Svoj nov\u010dani prilog mo\u017eete dati u posebno ozna\u010denu \u0161krabicu pri izlazu iz crkve ili u \u017eupni ured ili direktno uplatiti na ra\u010dun koji se nalazi na plakatu ili letku.<\/p>\n\n\n\n<p>Molimo sve vas koji jo\u0161 nemate \u017eupnu obiteljsku knji\u017eicu ili je potrebno upisati promjene u postoje\u0107e, da se javite u \u017eupni ured.<\/p>\n\n\n\n<p>Kupujte i \u010ditajte katoli\u010dki vjerski tisak.<\/p>\n","protected":false},"excerpt":{"rendered":"<p>Slavimo dvadeset i osmu nedjelju kroz godinu. Od sutra pa do subote pod ve\u010dernjim svetim misama molit \u0107emo i razmi\u0161ljati o potrebama misija i misionara budu\u0107i da sljede\u0107e nedjelje slavimo Misijsku nedjelju. Pozvani smo na sudjelovanje u na\u0161oj crkvi te da svojim molitvama i nov\u010danim prilozima pomognemo rad misionara diljem svijeta. Sutra je biblijski sat <a href=\"http:\/\/svetaobitelj.hr\/?p=2947\" class=\"more-link\">[&hellip;]<\/a><\/p>\n","protected":false},"author":2,"featured_media":0,"comment_status":"closed","ping_status":"open","sticky":false,"template":"","format":"standard","meta":{"footnotes":""},"categories":[3],"tags":[],"class_list":["entry","author-","post-2947","post","type-post","status-publish","format-standard","category-zupa"],"_links":{"self":[{"href":"http:\/\/svetaobitelj.hr\/index.php?rest_route=\/wp\/v2\/posts\/2947","targetHints":{"allow":["GET"]}}],"collection":[{"href":"http:\/\/svetaobitelj.hr\/index.php?rest_route=\/wp\/v2\/posts"}],"about":[{"href":"http:\/\/svetaobitelj.hr\/index.php?rest_route=\/wp\/v2\/types\/post"}],"author":[{"embeddable":true,"href":"http:\/\/svetaobitelj.hr\/index.php?rest_route=\/wp\/v2\/users\/2"}],"replies":[{"embeddable":true,"href":"http:\/\/svetaobitelj.hr\/index.php?rest_route=%2Fwp%2Fv2%2Fcomments&post=2947"}],"version-history":[{"count":1,"href":"http:\/\/svetaobitelj.hr\/index.php?rest_route=\/wp\/v2\/posts\/2947\/revisions"}],"predecessor-version":[{"id":2948,"href":"http:\/\/svetaobitelj.hr\/index.php?rest_route=\/wp\/v2\/posts\/2947\/revisions\/2948"}],"wp:attachment":[{"href":"http:\/\/svetaobitelj.hr\/index.php?rest_route=%2Fwp%2Fv2%2Fmedia&parent=2947"}],"wp:term":[{"taxonomy":"category","embeddable":true,"href":"http:\/\/svetaobitelj.hr\/index.php?rest_route=%2Fwp%2Fv2%2Fcategories&post=2947"},{"taxonomy":"post_tag","embeddable":true,"href":"http:\/\/svetaobitelj.hr\/index.php?rest_route=%2Fwp%2Fv2%2Ftags&post=2947"}],"curies":[{"name":"wp","href":"https:\/\/api.w.org\/{rel}","templated":true}]}}