{"id":2930,"date":"2023-10-07T09:14:54","date_gmt":"2023-10-07T08:14:54","guid":{"rendered":"https:\/\/svetaobitelj.hr\/?p=2930"},"modified":"2023-10-07T09:14:55","modified_gmt":"2023-10-07T08:14:55","slug":"sveti-franjo-3","status":"publish","type":"post","link":"http:\/\/svetaobitelj.hr\/?p=2930","title":{"rendered":"Sveti Franjo"},"content":{"rendered":"\n<div class=\"wp-block-image\"><figure class=\"aligncenter size-large\"><img loading=\"lazy\" decoding=\"async\" width=\"1024\" height=\"1024\" src=\"https:\/\/svetaobitelj.hr\/wp-content\/uploads\/2023\/10\/20231007_101045-1024x1024.jpg\" alt=\"\" class=\"wp-image-2932\" srcset=\"http:\/\/svetaobitelj.hr\/wp-content\/uploads\/2023\/10\/20231007_101045-1024x1024.jpg 1024w, http:\/\/svetaobitelj.hr\/wp-content\/uploads\/2023\/10\/20231007_101045-300x300.jpg 300w, http:\/\/svetaobitelj.hr\/wp-content\/uploads\/2023\/10\/20231007_101045-150x150.jpg 150w, http:\/\/svetaobitelj.hr\/wp-content\/uploads\/2023\/10\/20231007_101045-768x768.jpg 768w, http:\/\/svetaobitelj.hr\/wp-content\/uploads\/2023\/10\/20231007_101045-1536x1536.jpg 1536w, http:\/\/svetaobitelj.hr\/wp-content\/uploads\/2023\/10\/20231007_101045.jpg 1600w\" sizes=\"auto, (max-width: 1024px) 100vw, 1024px\" \/><\/figure><\/div>\n\n\n\n<p>Svetkovini svetog Franje Asi\u0161koga, utemeljitelja franjeva\u010dkih redova prethodila je trodnevnica koja je zapo\u010dela u nedjelju. Nakon svih svetih misa, \u010dlanovi mjesnog bratstva OFS-a upoznali su \u017eupljane s time \u0161to zapravo zna\u010di biti \u010dlanom OFS-a i poku\u0161ali potaknuti \u017eupljane na pristupanje tre\u0107em redu.<\/p>\n\n\n\n<div class=\"wp-block-image\"><figure class=\"aligncenter size-large\"><img loading=\"lazy\" decoding=\"async\" width=\"1024\" height=\"1024\" src=\"https:\/\/svetaobitelj.hr\/wp-content\/uploads\/2023\/10\/20231007_101109-1-1024x1024.jpg\" alt=\"\" class=\"wp-image-2937\" srcset=\"http:\/\/svetaobitelj.hr\/wp-content\/uploads\/2023\/10\/20231007_101109-1-1024x1024.jpg 1024w, http:\/\/svetaobitelj.hr\/wp-content\/uploads\/2023\/10\/20231007_101109-1-300x300.jpg 300w, http:\/\/svetaobitelj.hr\/wp-content\/uploads\/2023\/10\/20231007_101109-1-150x150.jpg 150w, http:\/\/svetaobitelj.hr\/wp-content\/uploads\/2023\/10\/20231007_101109-1-768x768.jpg 768w, http:\/\/svetaobitelj.hr\/wp-content\/uploads\/2023\/10\/20231007_101109-1-1536x1536.jpg 1536w, http:\/\/svetaobitelj.hr\/wp-content\/uploads\/2023\/10\/20231007_101109-1.jpg 1600w\" sizes=\"auto, (max-width: 1024px) 100vw, 1024px\" \/><\/figure><\/div>\n\n\n\n<p>Uo\u010di samog dana svetkovine ispred kipa svetog Franje proslavljen je Obred preminu\u0107a sv. Franje Asi\u0161koga nakon \u010dega je uslijedila procesija sa upaljenim svije\u0107ama, te sveta misa.<\/p>\n\n\n\n<figure class=\"wp-block-image size-large\"><img loading=\"lazy\" decoding=\"async\" width=\"1024\" height=\"1024\" src=\"https:\/\/svetaobitelj.hr\/wp-content\/uploads\/2023\/10\/20231007_101146-2-1024x1024.jpg\" alt=\"\" class=\"wp-image-2938\" srcset=\"http:\/\/svetaobitelj.hr\/wp-content\/uploads\/2023\/10\/20231007_101146-2-1024x1024.jpg 1024w, http:\/\/svetaobitelj.hr\/wp-content\/uploads\/2023\/10\/20231007_101146-2-300x300.jpg 300w, http:\/\/svetaobitelj.hr\/wp-content\/uploads\/2023\/10\/20231007_101146-2-150x150.jpg 150w, http:\/\/svetaobitelj.hr\/wp-content\/uploads\/2023\/10\/20231007_101146-2-768x768.jpg 768w, http:\/\/svetaobitelj.hr\/wp-content\/uploads\/2023\/10\/20231007_101146-2-1536x1536.jpg 1536w, http:\/\/svetaobitelj.hr\/wp-content\/uploads\/2023\/10\/20231007_101146-2.jpg 1600w\" sizes=\"auto, (max-width: 1024px) 100vw, 1024px\" \/><\/figure>\n\n\n\n<p>Na sam dan svetkovine, za vrijeme euharistijskog slavlja kojeg je predvodio na\u0161 \u017eupnik, fra Dragutin Bedeni\u010di\u0107, koji je ujedno i duhovni asistent OFS-a, privremene zavjete u Franjeva\u010dkom svjetovnom redu dala je sestra Nada, a nazo\u010dni tre\u0107oredci mjesnog bratstva su ju ohrabrili na budu\u0107em putu svojom molitvom.<\/p>\n\n\n\n<div class=\"wp-block-image\"><figure class=\"aligncenter size-large\"><img loading=\"lazy\" decoding=\"async\" width=\"1024\" height=\"1024\" src=\"https:\/\/svetaobitelj.hr\/wp-content\/uploads\/2023\/10\/20231007_101126-1-1024x1024.jpg\" alt=\"\" class=\"wp-image-2940\" srcset=\"http:\/\/svetaobitelj.hr\/wp-content\/uploads\/2023\/10\/20231007_101126-1-1024x1024.jpg 1024w, http:\/\/svetaobitelj.hr\/wp-content\/uploads\/2023\/10\/20231007_101126-1-300x300.jpg 300w, http:\/\/svetaobitelj.hr\/wp-content\/uploads\/2023\/10\/20231007_101126-1-150x150.jpg 150w, http:\/\/svetaobitelj.hr\/wp-content\/uploads\/2023\/10\/20231007_101126-1-768x768.jpg 768w, http:\/\/svetaobitelj.hr\/wp-content\/uploads\/2023\/10\/20231007_101126-1-1536x1536.jpg 1536w, http:\/\/svetaobitelj.hr\/wp-content\/uploads\/2023\/10\/20231007_101126-1.jpg 1600w\" sizes=\"auto, (max-width: 1024px) 100vw, 1024px\" \/><\/figure><\/div>\n","protected":false},"excerpt":{"rendered":"<p>Svetkovini svetog Franje Asi\u0161koga, utemeljitelja franjeva\u010dkih redova prethodila je trodnevnica koja je zapo\u010dela u nedjelju. Nakon svih svetih misa, \u010dlanovi mjesnog bratstva OFS-a upoznali su \u017eupljane s time \u0161to zapravo zna\u010di biti \u010dlanom OFS-a i poku\u0161ali potaknuti \u017eupljane na pristupanje tre\u0107em redu. Uo\u010di samog dana svetkovine ispred kipa svetog Franje proslavljen je Obred preminu\u0107a sv. <a href=\"http:\/\/svetaobitelj.hr\/?p=2930\" class=\"more-link\">[&hellip;]<\/a><\/p>\n","protected":false},"author":2,"featured_media":0,"comment_status":"closed","ping_status":"open","sticky":false,"template":"","format":"standard","meta":{"footnotes":""},"categories":[3],"tags":[],"class_list":["entry","author-","post-2930","post","type-post","status-publish","format-standard","category-zupa"],"_links":{"self":[{"href":"http:\/\/svetaobitelj.hr\/index.php?rest_route=\/wp\/v2\/posts\/2930","targetHints":{"allow":["GET"]}}],"collection":[{"href":"http:\/\/svetaobitelj.hr\/index.php?rest_route=\/wp\/v2\/posts"}],"about":[{"href":"http:\/\/svetaobitelj.hr\/index.php?rest_route=\/wp\/v2\/types\/post"}],"author":[{"embeddable":true,"href":"http:\/\/svetaobitelj.hr\/index.php?rest_route=\/wp\/v2\/users\/2"}],"replies":[{"embeddable":true,"href":"http:\/\/svetaobitelj.hr\/index.php?rest_route=%2Fwp%2Fv2%2Fcomments&post=2930"}],"version-history":[{"count":1,"href":"http:\/\/svetaobitelj.hr\/index.php?rest_route=\/wp\/v2\/posts\/2930\/revisions"}],"predecessor-version":[{"id":2941,"href":"http:\/\/svetaobitelj.hr\/index.php?rest_route=\/wp\/v2\/posts\/2930\/revisions\/2941"}],"wp:attachment":[{"href":"http:\/\/svetaobitelj.hr\/index.php?rest_route=%2Fwp%2Fv2%2Fmedia&parent=2930"}],"wp:term":[{"taxonomy":"category","embeddable":true,"href":"http:\/\/svetaobitelj.hr\/index.php?rest_route=%2Fwp%2Fv2%2Fcategories&post=2930"},{"taxonomy":"post_tag","embeddable":true,"href":"http:\/\/svetaobitelj.hr\/index.php?rest_route=%2Fwp%2Fv2%2Ftags&post=2930"}],"curies":[{"name":"wp","href":"https:\/\/api.w.org\/{rel}","templated":true}]}}