{"id":2910,"date":"2023-09-22T13:13:08","date_gmt":"2023-09-22T12:13:08","guid":{"rendered":"https:\/\/svetaobitelj.hr\/?p=2910"},"modified":"2023-09-22T13:13:09","modified_gmt":"2023-09-22T12:13:09","slug":"zupne-obavijesti-25-nedjelja-kroz-godinu-6","status":"publish","type":"post","link":"http:\/\/svetaobitelj.hr\/?p=2910","title":{"rendered":"\u017dupne obavijesti: 25. nedjelja kroz godinu"},"content":{"rendered":"\n<p>Slavimo dvadeset i petu nedjelju kroz godinu. Protekli tjedan bile su prijave za \u017eupne kateheze u na\u0161oj \u017eupi. Prijavljeno je: prvi razredi osnovnih \u0161kola 34-ero, drugi razredi osnovnih \u0161kola 35-ero, tre\u0107i razredi osnovnih \u0161kola 44-ero, osmi razredi osnovnih \u0161kola 38-ero, prvi razredi srednjih \u0161kola 39-ero, drugi razredi srednjih \u0161kola 47-ero. Na oglasnoj plo\u010di kao i na na\u0161oj \u017eupnoj web stranici imate raspored \u017eupnih kateheza. Na prvu \u017eupnu katehezu potrebno je do\u0107i s prijavnicom.<\/p>\n\n\n\n<p><em>Sutra<\/em> je biblijski sat nakon ve\u010dernje svete mise.<em> U utorak<\/em> nakon ve\u010dernje svete mise svoj redoviti susret imaju \u010dlanovi udruge Vojske Bezgre\u0161ne. <em>U petak <\/em>slavimo arkan\u0111ele sv. Mihaela, Gabrijela i Rafaela. Svete mise su u na\u0161oj \u017eupi u 7:30 i 18:30 sati. Crkveni je god u \u017eupi sv. Mihaela u Osijeku gdje su svete mise u 8:30, 10:30 i 18:30 sati.<\/p>\n\n\n\n<p>Sljede\u0107e nedjelje slavimo dvadeset i \u0161estu nedjelju kroz godinu. Ujedno je i prva nedjelja u mjesecu kada svojim molitvama i nov\u010danim prilozima poma\u017eemo na\u0161a sjemeni\u0161te te molimo za duhovna zvanja. Pod jutarnjom svetom misom molit \u0107emo za dobro\u010dinitelje ove na\u0161e crkve i samostana. Ve\u010dernjom svetom misom zapo\u010dinje trodnevnica za blagdan sv. Franje Asi\u0161koga.<\/p>\n\n\n\n<p>U utorak, 3. listopada ove godine, u 19:15 sati, u Vikarijatu u Osijeku je biblijsko-duhovni susret \u201eKako posti\u0107i mir koji nam je svima potreban?\u201c. Voditelj je vl\u010d. dr. sc. Ivan Benakovi\u0107, prof. biblijske teologije na KBF-u u \u0110akovu.<\/p>\n\n\n\n<p>Ovogodi\u0161nji katekumenat punoljetnih osoba za primanje sakramenata kr\u0161\u0107anske inicijacije zapo\u010det \u0107e 3. listopada u 19:15 sati u Nadbiskupijskom vikarijatu u Osijeku. Susreti \u0107e se odr\u017eavati redovito utorkom u 19:15 sati. Nije se potrebno unaprijed prijavljivati, nego je dovoljno do\u0107i na prvi susret kada \u0107e biti i upis.<\/p>\n\n\n\n<p>Susret roditelja djece prvoga, drugoga, tre\u0107ega i osmoga razreda osnovne \u0161kole kao i prvoga i drugoga razreda srednje \u0161kole bit \u0107e u srijedu, 11. listopada. Susret zapo\u010dinje molitvom krunice u 18:00 sati, nakon \u010dega slijedi sveta misa u 18:30 i nastavak susreta je nakon te mise. Svi su roditelji obvezni do\u0107i.<\/p>\n\n\n\n<p>U kapeli Snje\u017ene Gospe u Osijeku od srpnja ove godine odvija se trajno euharistijsko klanjanje pred Presvetim. Pozvani smo uklju\u010diti se u tu pobo\u017enost.<\/p>\n\n\n\n<p>Zahvalni za va\u0161u pomo\u0107 kojom poma\u017eete obnovu na\u0161ih crkava i samostana nastradalih u potresima, preporu\u010damo se i nadalje va\u0161oj dobroti. <\/p>\n\n\n\n<p>Molimo sve vas koji jo\u0161 nemate \u017eupnu obiteljsku knji\u017eicu ili je potrebno upisati promjene u postoje\u0107e, da se javite u \u017eupni ured. Kupujte i \u010ditajte katoli\u010dki vjerski tisak.<\/p>\n","protected":false},"excerpt":{"rendered":"<p>Slavimo dvadeset i petu nedjelju kroz godinu. Protekli tjedan bile su prijave za \u017eupne kateheze u na\u0161oj \u017eupi. Prijavljeno je: prvi razredi osnovnih \u0161kola 34-ero, drugi razredi osnovnih \u0161kola 35-ero, tre\u0107i razredi osnovnih \u0161kola 44-ero, osmi razredi osnovnih \u0161kola 38-ero, prvi razredi srednjih \u0161kola 39-ero, drugi razredi srednjih \u0161kola 47-ero. Na oglasnoj plo\u010di kao i <a href=\"http:\/\/svetaobitelj.hr\/?p=2910\" class=\"more-link\">[&hellip;]<\/a><\/p>\n","protected":false},"author":2,"featured_media":0,"comment_status":"closed","ping_status":"open","sticky":false,"template":"","format":"standard","meta":{"footnotes":""},"categories":[3],"tags":[],"class_list":["entry","author-","post-2910","post","type-post","status-publish","format-standard","category-zupa"],"_links":{"self":[{"href":"http:\/\/svetaobitelj.hr\/index.php?rest_route=\/wp\/v2\/posts\/2910","targetHints":{"allow":["GET"]}}],"collection":[{"href":"http:\/\/svetaobitelj.hr\/index.php?rest_route=\/wp\/v2\/posts"}],"about":[{"href":"http:\/\/svetaobitelj.hr\/index.php?rest_route=\/wp\/v2\/types\/post"}],"author":[{"embeddable":true,"href":"http:\/\/svetaobitelj.hr\/index.php?rest_route=\/wp\/v2\/users\/2"}],"replies":[{"embeddable":true,"href":"http:\/\/svetaobitelj.hr\/index.php?rest_route=%2Fwp%2Fv2%2Fcomments&post=2910"}],"version-history":[{"count":1,"href":"http:\/\/svetaobitelj.hr\/index.php?rest_route=\/wp\/v2\/posts\/2910\/revisions"}],"predecessor-version":[{"id":2911,"href":"http:\/\/svetaobitelj.hr\/index.php?rest_route=\/wp\/v2\/posts\/2910\/revisions\/2911"}],"wp:attachment":[{"href":"http:\/\/svetaobitelj.hr\/index.php?rest_route=%2Fwp%2Fv2%2Fmedia&parent=2910"}],"wp:term":[{"taxonomy":"category","embeddable":true,"href":"http:\/\/svetaobitelj.hr\/index.php?rest_route=%2Fwp%2Fv2%2Fcategories&post=2910"},{"taxonomy":"post_tag","embeddable":true,"href":"http:\/\/svetaobitelj.hr\/index.php?rest_route=%2Fwp%2Fv2%2Ftags&post=2910"}],"curies":[{"name":"wp","href":"https:\/\/api.w.org\/{rel}","templated":true}]}}