{"id":2904,"date":"2023-09-09T05:51:55","date_gmt":"2023-09-09T04:51:55","guid":{"rendered":"http:\/\/svetaobitelj.hr\/?p=2904"},"modified":"2023-09-09T05:51:56","modified_gmt":"2023-09-09T04:51:56","slug":"zupne-obavijesti-23-nedjelja-kroz-godinu-4","status":"publish","type":"post","link":"http:\/\/svetaobitelj.hr\/?p=2904","title":{"rendered":"\u017dupne obavijesti: 23. nedjelja kroz godinu"},"content":{"rendered":"\n<p>Slavimo dvadeset i tre\u0107u nedjelju kroz godinu.<\/p>\n\n\n\n<p>U \u010detvrtak slavimo Uzvi\u0161enje sv. Kri\u017ea. Svete mise su u 7:30 i 18:30 sati.<\/p>\n\n\n\n<p>Sljede\u0107e nedjelje slavimo dvadeset i \u010detvrtu nedjelju kroz godinu.<\/p>\n\n\n\n<p>Prijave za \u017eupne kateheze bit \u0107e u \u017eupnom uredu od 18. do 20. rujna ove godine (ponedjeljak, utorak i srijeda) od 8:30 \u2013 11:00 te od 16:00 \u2013 18:00 sati. \u017dupne kateheze su obvezne uz \u0161kolski vjeronauk i poha\u0111anje svetih misa kao priprava za primanje prve sv. ispovijedi, prve sv. pri\u010desti i sv. potvrde. Kateheze su obvezne za prve, druge, tre\u0107e i osme razrede osnovnih \u0161kola te prve i druge razrede srednjih \u0161kola. Kod prijave potrebno je donijeti \u017eupnu obiteljsku knji\u017eicu.<\/p>\n\n\n\n<p>Ovogodi\u0161nji katekumenat punoljetnih osoba za primanje sakramenata kr\u0161\u0107anske inicijacije zapo\u010det \u0107e 03. listopada u 19:15 sati u Nadbiskupijskom vikarijatu u Osijeku. Susreti \u0107e se odr\u017eavati redovito utorkom u 19:15 sati. Nije se potrebno unaprijed prijavljivati, nego je dovoljno do\u0107i na prvi susret kada \u0107e biti i upis.<\/p>\n\n\n\n<p>Zahvalni za va\u0161u pomo\u0107 kojom poma\u017eete obnovu na\u0161ih crkava i samostana nastradalih u potresima, preporu\u010damo se i nadalje va\u0161oj dobroti. Svoj nov\u010dani prilog mo\u017eete dati u posebno ozna\u010denu \u0161krabicu pri izlazu iz crkve ili u \u017eupni ured ili direktno uplatiti na ra\u010dun koji se nalazi na plakatu ili letku.<\/p>\n\n\n\n<p>Molimo sve vas koji jo\u0161 nemate \u017eupnu obiteljsku knji\u017eicu ili je potrebno upisati promjene u postoje\u0107e, da se javite u \u017eupni ured. Od utorka do subote (12. \u2013 16. rujna) \u017eupni ured ne\u0107e biti otvoren prije podne ve\u0107 samo od 17 do 18 sati.<\/p>\n\n\n\n<p>Kupujte i \u010ditajte katoli\u010dki vjerski tisak.<\/p>\n","protected":false},"excerpt":{"rendered":"<p>Slavimo dvadeset i tre\u0107u nedjelju kroz godinu. U \u010detvrtak slavimo Uzvi\u0161enje sv. Kri\u017ea. Svete mise su u 7:30 i 18:30 sati. Sljede\u0107e nedjelje slavimo dvadeset i \u010detvrtu nedjelju kroz godinu. Prijave za \u017eupne kateheze bit \u0107e u \u017eupnom uredu od 18. do 20. rujna ove godine (ponedjeljak, utorak i srijeda) od 8:30 \u2013 11:00 te <a href=\"http:\/\/svetaobitelj.hr\/?p=2904\" class=\"more-link\">[&hellip;]<\/a><\/p>\n","protected":false},"author":2,"featured_media":0,"comment_status":"closed","ping_status":"open","sticky":false,"template":"","format":"standard","meta":{"footnotes":""},"categories":[3],"tags":[],"class_list":["entry","author-","post-2904","post","type-post","status-publish","format-standard","category-zupa"],"_links":{"self":[{"href":"http:\/\/svetaobitelj.hr\/index.php?rest_route=\/wp\/v2\/posts\/2904","targetHints":{"allow":["GET"]}}],"collection":[{"href":"http:\/\/svetaobitelj.hr\/index.php?rest_route=\/wp\/v2\/posts"}],"about":[{"href":"http:\/\/svetaobitelj.hr\/index.php?rest_route=\/wp\/v2\/types\/post"}],"author":[{"embeddable":true,"href":"http:\/\/svetaobitelj.hr\/index.php?rest_route=\/wp\/v2\/users\/2"}],"replies":[{"embeddable":true,"href":"http:\/\/svetaobitelj.hr\/index.php?rest_route=%2Fwp%2Fv2%2Fcomments&post=2904"}],"version-history":[{"count":1,"href":"http:\/\/svetaobitelj.hr\/index.php?rest_route=\/wp\/v2\/posts\/2904\/revisions"}],"predecessor-version":[{"id":2905,"href":"http:\/\/svetaobitelj.hr\/index.php?rest_route=\/wp\/v2\/posts\/2904\/revisions\/2905"}],"wp:attachment":[{"href":"http:\/\/svetaobitelj.hr\/index.php?rest_route=%2Fwp%2Fv2%2Fmedia&parent=2904"}],"wp:term":[{"taxonomy":"category","embeddable":true,"href":"http:\/\/svetaobitelj.hr\/index.php?rest_route=%2Fwp%2Fv2%2Fcategories&post=2904"},{"taxonomy":"post_tag","embeddable":true,"href":"http:\/\/svetaobitelj.hr\/index.php?rest_route=%2Fwp%2Fv2%2Ftags&post=2904"}],"curies":[{"name":"wp","href":"https:\/\/api.w.org\/{rel}","templated":true}]}}