{"id":2890,"date":"2023-08-25T07:04:07","date_gmt":"2023-08-25T06:04:07","guid":{"rendered":"http:\/\/svetaobitelj.hr\/?p=2890"},"modified":"2023-08-25T07:04:07","modified_gmt":"2023-08-25T06:04:07","slug":"zupne-obavijesti-21-nedjelja-kroz-godinu-6","status":"publish","type":"post","link":"http:\/\/svetaobitelj.hr\/?p=2890","title":{"rendered":"\u017dupne obavijesti: 21. nedjelja kroz godinu"},"content":{"rendered":"\n<p>Slavimo dvadeset i prvu nedjelju kroz godinu.<\/p>\n\n\n\n<p>U utorak slavimo Mu\u010deni\u0161tvo sv. Ivana Krstitelja. Svete mise su u 7:30 i 18:30 sati.<\/p>\n\n\n\n<p>U subotu, 2. rujna ove godine, bit \u0107e slavlje sve\u010danih zavjeta fra Antonija Tkalca iz Mi\u010devca pod svetom misom u 11:00 sati u crkvi Svetoga Leopolda Bogdana Mandi\u0107a u Dubravi u Zagrebu.<\/p>\n\n\n\n<p>Pod ve\u010dernjom svetom misom u subotu u na\u0161oj \u017eupnoj crkvi molimo za duhovna zvanja budu\u0107i da je prva subota u mjesecu.<\/p>\n\n\n\n<p>Sljede\u0107e nedjelje slavimo dvadeset i drugu nedjelju kroz godinu i prva je nedjelja u mjesecu kada svojim molitvama i nov\u010danim prilozima poma\u017eemo na\u0161a sjemeni\u0161ta te molimo za duhovna zvanja. Pod jutarnjom svetom misom molit \u0107emo za dobro\u010dinitelje ove na\u0161e crkve i samostana. Od sljede\u0107e nedjelje prestaje ljetni nedjeljni raspored svetih misa tako da \u0107e svete mise nedjeljom do kraja ove godine biti u 7:00, 9:00, 11:00 i 18:30 sati.<\/p>\n\n\n\n<p>Prijave za \u017eupne kateheze bit \u0107e u \u017eupnom uredu od 18. do 20. rujna ove godine (ponedjeljak, utorak i srijeda) od 8:30 \u2013 11:00 te od 16:00 \u2013 18:00 sati. \u017dupne kateheze su obvezne uz \u0161kolski vjeronauk i poha\u0111anje svetih misa kao priprava za primanje prve sv. ispovijedi, prve sv. pri\u010desti i sv. potvrde. Kateheze su obvezne za prve, druge, tre\u0107e i osme razrede osnovnih \u0161kola te prve i druge razrede srednjih \u0161kola. Kod prijave potrebno je donijeti \u017eupnu obiteljsku knji\u017eicu.<\/p>\n\n\n\n<p>Zahvalni za va\u0161u pomo\u0107 kojom poma\u017eete obnovu na\u0161ih crkava i samostana nastradalih u potresima, preporu\u010damo se i nadalje va\u0161oj dobroti. Svoj nov\u010dani prilog mo\u017eete dati u posebno ozna\u010denu \u0161krabicu pri izlazu iz crkve ili u \u017eupni ured ili direktno uplatiti na ra\u010dun koji se nalazi na plakatu ili letku.<\/p>\n\n\n\n<p>Molimo sve vas koji jo\u0161 nemate \u017eupnu obiteljsku knji\u017eicu ili je potrebno upisati promjene u postoje\u0107e, da se javite u \u017eupni ured.<\/p>\n\n\n\n<p>Kupujte i \u010ditajte katoli\u010dki vjerski tisak.<\/p>\n","protected":false},"excerpt":{"rendered":"<p>Slavimo dvadeset i prvu nedjelju kroz godinu. U utorak slavimo Mu\u010deni\u0161tvo sv. Ivana Krstitelja. Svete mise su u 7:30 i 18:30 sati. U subotu, 2. rujna ove godine, bit \u0107e slavlje sve\u010danih zavjeta fra Antonija Tkalca iz Mi\u010devca pod svetom misom u 11:00 sati u crkvi Svetoga Leopolda Bogdana Mandi\u0107a u Dubravi u Zagrebu. Pod <a href=\"http:\/\/svetaobitelj.hr\/?p=2890\" class=\"more-link\">[&hellip;]<\/a><\/p>\n","protected":false},"author":2,"featured_media":0,"comment_status":"closed","ping_status":"open","sticky":false,"template":"","format":"standard","meta":{"footnotes":""},"categories":[3],"tags":[],"class_list":["entry","author-","post-2890","post","type-post","status-publish","format-standard","category-zupa"],"_links":{"self":[{"href":"http:\/\/svetaobitelj.hr\/index.php?rest_route=\/wp\/v2\/posts\/2890","targetHints":{"allow":["GET"]}}],"collection":[{"href":"http:\/\/svetaobitelj.hr\/index.php?rest_route=\/wp\/v2\/posts"}],"about":[{"href":"http:\/\/svetaobitelj.hr\/index.php?rest_route=\/wp\/v2\/types\/post"}],"author":[{"embeddable":true,"href":"http:\/\/svetaobitelj.hr\/index.php?rest_route=\/wp\/v2\/users\/2"}],"replies":[{"embeddable":true,"href":"http:\/\/svetaobitelj.hr\/index.php?rest_route=%2Fwp%2Fv2%2Fcomments&post=2890"}],"version-history":[{"count":1,"href":"http:\/\/svetaobitelj.hr\/index.php?rest_route=\/wp\/v2\/posts\/2890\/revisions"}],"predecessor-version":[{"id":2891,"href":"http:\/\/svetaobitelj.hr\/index.php?rest_route=\/wp\/v2\/posts\/2890\/revisions\/2891"}],"wp:attachment":[{"href":"http:\/\/svetaobitelj.hr\/index.php?rest_route=%2Fwp%2Fv2%2Fmedia&parent=2890"}],"wp:term":[{"taxonomy":"category","embeddable":true,"href":"http:\/\/svetaobitelj.hr\/index.php?rest_route=%2Fwp%2Fv2%2Fcategories&post=2890"},{"taxonomy":"post_tag","embeddable":true,"href":"http:\/\/svetaobitelj.hr\/index.php?rest_route=%2Fwp%2Fv2%2Ftags&post=2890"}],"curies":[{"name":"wp","href":"https:\/\/api.w.org\/{rel}","templated":true}]}}