{"id":2878,"date":"2023-08-05T06:12:31","date_gmt":"2023-08-05T05:12:31","guid":{"rendered":"http:\/\/svetaobitelj.hr\/?p=2878"},"modified":"2023-08-17T08:09:29","modified_gmt":"2023-08-17T07:09:29","slug":"dan-pobjede-i-domovinske-zahvalnosti-i-dan-hrvatskih-branitelja-2","status":"publish","type":"post","link":"http:\/\/svetaobitelj.hr\/?p=2878","title":{"rendered":"Dan pobjede i domovinske zahvalnosti i Dan hrvatskih branitelja"},"content":{"rendered":"\n<figure class=\"wp-block-gallery columns-1 is-cropped wp-block-gallery-1 is-layout-flex wp-block-gallery-is-layout-flex\"><ul class=\"blocks-gallery-grid\"><li class=\"blocks-gallery-item\"><figure><img loading=\"lazy\" decoding=\"async\" width=\"914\" height=\"689\" src=\"http:\/\/svetaobitelj.hr\/wp-content\/uploads\/2023\/08\/22975710.jpg\" alt=\"\" data-id=\"2880\" data-full-url=\"http:\/\/svetaobitelj.hr\/wp-content\/uploads\/2023\/08\/22975710.jpg\" data-link=\"http:\/\/svetaobitelj.hr\/?attachment_id=2880\" class=\"wp-image-2880\" srcset=\"http:\/\/svetaobitelj.hr\/wp-content\/uploads\/2023\/08\/22975710.jpg 914w, http:\/\/svetaobitelj.hr\/wp-content\/uploads\/2023\/08\/22975710-300x226.jpg 300w, http:\/\/svetaobitelj.hr\/wp-content\/uploads\/2023\/08\/22975710-768x579.jpg 768w\" sizes=\"auto, (max-width: 914px) 100vw, 914px\" \/><\/figure><\/li><\/ul><\/figure>\n\n\n\n<p><strong>Zauvijek zahvalni Bogu na na\u0161im herojima,svoje molitve upu\u0107ujemo za sve HRVATSKE BRANITELJE, za na\u0161u ljubljenu Hrvatsku i za na\u0161 hrvatski narod. Hvala vam za slobodnu Hrvatsku,hvala vam za va\u0161u neizmjernu \u017ertvu<\/strong>. <\/p>\n\n\n\n<p> Svi\u0107e nad kraljevskim gradom. U daljini \u010dujem pjev slavuja.   Pomra\u010dina izvla\u010di se kradom,  nad Hrvatskom sprema se Oluja!    Kakvu povijest zapamtila nije,  niti itko od hrvatskoga roda.  Ispod ruke velik poklon krije,      u narodu zovu ga: SLOBODA! A sloboda svoju cijenu ima. Plati\u0161e je nama dragi ljudi! Sjetimo se kad krene himna, stavit ruku na lijevu stranu grudi!        Sjetimo se onih kojih nema, a na\u0161e ih srce vje\u0161to krije, nekima su samo te\u0161ka tema,          ali njima ni\u0161ta sveto nije! Oluja je donijela slobodu,  al\u2019 je cijena bila previsoka, uvijek \u0107e se u hrvatskom rodu, mije\u0161at ponos sa suzom iz oka!  Sto devedeset i \u0161est svije\u0107a vje\u010dnim plamom zapali Oluja, isprepli\u0107u se tuga i sre\u0107a  sa jutarnjim pjevom slavuja!     <\/p>\n\n\n\n<p>   Velimir Velo Raspudi\u0107<\/p>\n\n\n\n<p><\/p>\n","protected":false},"excerpt":{"rendered":"<p>Zauvijek zahvalni Bogu na na\u0161im herojima,svoje molitve upu\u0107ujemo za sve HRVATSKE BRANITELJE, za na\u0161u ljubljenu Hrvatsku i za na\u0161 hrvatski narod. Hvala vam za slobodnu Hrvatsku,hvala vam za va\u0161u neizmjernu \u017ertvu. Svi\u0107e nad kraljevskim gradom. U daljini \u010dujem pjev slavuja. Pomra\u010dina izvla\u010di se kradom, nad Hrvatskom sprema se Oluja! Kakvu povijest zapamtila nije, niti itko <a href=\"http:\/\/svetaobitelj.hr\/?p=2878\" class=\"more-link\">[&hellip;]<\/a><\/p>\n","protected":false},"author":2,"featured_media":0,"comment_status":"closed","ping_status":"open","sticky":false,"template":"","format":"standard","meta":{"footnotes":""},"categories":[3],"tags":[],"class_list":["entry","author-","post-2878","post","type-post","status-publish","format-standard","category-zupa"],"_links":{"self":[{"href":"http:\/\/svetaobitelj.hr\/index.php?rest_route=\/wp\/v2\/posts\/2878","targetHints":{"allow":["GET"]}}],"collection":[{"href":"http:\/\/svetaobitelj.hr\/index.php?rest_route=\/wp\/v2\/posts"}],"about":[{"href":"http:\/\/svetaobitelj.hr\/index.php?rest_route=\/wp\/v2\/types\/post"}],"author":[{"embeddable":true,"href":"http:\/\/svetaobitelj.hr\/index.php?rest_route=\/wp\/v2\/users\/2"}],"replies":[{"embeddable":true,"href":"http:\/\/svetaobitelj.hr\/index.php?rest_route=%2Fwp%2Fv2%2Fcomments&post=2878"}],"version-history":[{"count":3,"href":"http:\/\/svetaobitelj.hr\/index.php?rest_route=\/wp\/v2\/posts\/2878\/revisions"}],"predecessor-version":[{"id":2888,"href":"http:\/\/svetaobitelj.hr\/index.php?rest_route=\/wp\/v2\/posts\/2878\/revisions\/2888"}],"wp:attachment":[{"href":"http:\/\/svetaobitelj.hr\/index.php?rest_route=%2Fwp%2Fv2%2Fmedia&parent=2878"}],"wp:term":[{"taxonomy":"category","embeddable":true,"href":"http:\/\/svetaobitelj.hr\/index.php?rest_route=%2Fwp%2Fv2%2Fcategories&post=2878"},{"taxonomy":"post_tag","embeddable":true,"href":"http:\/\/svetaobitelj.hr\/index.php?rest_route=%2Fwp%2Fv2%2Ftags&post=2878"}],"curies":[{"name":"wp","href":"https:\/\/api.w.org\/{rel}","templated":true}]}}