{"id":2870,"date":"2023-07-29T20:51:46","date_gmt":"2023-07-29T19:51:46","guid":{"rendered":"http:\/\/svetaobitelj.hr\/?p=2870"},"modified":"2023-07-29T20:51:47","modified_gmt":"2023-07-29T19:51:47","slug":"zupne-obavijesti-17-nedjelja-kroz-godinu-6","status":"publish","type":"post","link":"http:\/\/svetaobitelj.hr\/?p=2870","title":{"rendered":"\u017dupne obavijesti: 17. nedjelja kroz godinu"},"content":{"rendered":"\n<p>Slavimo 17. nedjelju kroz godinu.<\/p>\n\n\n\n<p>Svjedoci smo stra\u0161nih posljedica nevremena u na\u0161oj Domovini koji je bio srpnja ove godine. Me\u0111u ostalim dijelovima u na\u0161oj domovini, osobito je stradalo podru\u010dje Vukovarsko-Srijemske te Brodsko-posavske \u017eupanije u na\u0161oj \u0110akova\u010dko-osje\u010dkoj nadbiskupiji. Molimo za sve stradalnike, a na\u0161 nadbiskup poziva nas da sljede\u0107e nedjelje u svim \u017eupama na\u0161e Nadbiskupije koje nisu bile pogo\u0111ene olujnim nevremenom, prikupljamo nov\u010dane priloge za pomo\u0107 stradalima.  Prikupljeni prilozi bit \u0107e podijeljeni kao pomo\u0107 za saniranje materijalne \u0161tete na crkvenim objektima i na obiteljskim domovima siroma\u0161nih \u017eupa i obitelji koje su pretrpjele veliku \u0161tetu. Svoj nov\u010dani dar mo\u017eete donijeti ovaj tjedan i u \u017eupni ured u uredovno vrijeme.<\/p>\n\n\n\n<p>U srijedu slavimo Porcijunkulu \u2013 BDM An\u0111eosku. Svete mise su u 7:30 i 18:30 sati.<\/p>\n\n\n\n<p>U \u010detvrtak je nakon ve\u010dernje svete mise klanjanje pred Presvetim.<\/p>\n\n\n\n<p>U subotu je Dan pobjede i domovinske zahvalnosti i Dan hrvatskih branitelja i prva je subota u mjesecu. Pod ve\u010dernjom svetom misom molit \u0107emo za Domovinu i na\u0161e poginule i nestale hrvatske branitelje te za duhovna zvanja.<\/p>\n\n\n\n<p>Sljede\u0107e nedjelje slavimo Preobra\u017eenje Gospodinovo. Ujedno je i prva nedjelja u mjesecu. Pod jutarnjom svetom misom molit \u0107emo za dobro\u010dinitelje na\u0161e crkve i samostana. Prikupljat \u0107emo nov\u010dane priloge za nastradale u olujnom nevremenu. Molitvu i prikupljanje nov\u010danih sredstava za na\u0161a sjemeni\u0161ta imat \u0107emo u nedjelju, 13. kolovoza.<\/p>\n\n\n\n<p>Zahvalni za va\u0161u pomo\u0107 kojom poma\u017eete obnovu na\u0161ih crkava i samostana nastradalih u potresima, preporu\u010damo se i nadalje va\u0161oj dobroti.<\/p>\n\n\n\n<p>Molimo sve vas koji jo\u0161 nemate \u017eupnu obiteljsku knji\u017eicu ili je potrebno upisati promjene u postoje\u0107e, da se javite u \u017eupni ured.<\/p>\n\n\n\n<p>Od 1. kolovoza do 10. listopada ove godine mogu se dostaviti molbe za dobivanje financijske pomo\u0107i u\u010denicima i studentima na\u0161e nadbiskupije Zakladi \u201eDr. Nikola Dogan\u201c. Sve informacije o uvjetima natje\u010daja i potrebnoj dokumentaciji koju kandidati trebaju dostaviti mo\u017eete dobiti na www.caritas.djos.hr od 1. kolovoza ove godine.<\/p>\n\n\n\n<p>Kupujte i \u010ditajte katoli\u010dki vjerski tisak.<\/p>\n","protected":false},"excerpt":{"rendered":"<p>Slavimo 17. nedjelju kroz godinu. Svjedoci smo stra\u0161nih posljedica nevremena u na\u0161oj Domovini koji je bio srpnja ove godine. Me\u0111u ostalim dijelovima u na\u0161oj domovini, osobito je stradalo podru\u010dje Vukovarsko-Srijemske te Brodsko-posavske \u017eupanije u na\u0161oj \u0110akova\u010dko-osje\u010dkoj nadbiskupiji. Molimo za sve stradalnike, a na\u0161 nadbiskup poziva nas da sljede\u0107e nedjelje u svim \u017eupama na\u0161e Nadbiskupije koje <a href=\"http:\/\/svetaobitelj.hr\/?p=2870\" class=\"more-link\">[&hellip;]<\/a><\/p>\n","protected":false},"author":2,"featured_media":0,"comment_status":"closed","ping_status":"open","sticky":false,"template":"","format":"standard","meta":{"footnotes":""},"categories":[3],"tags":[],"class_list":["entry","author-","post-2870","post","type-post","status-publish","format-standard","category-zupa"],"_links":{"self":[{"href":"http:\/\/svetaobitelj.hr\/index.php?rest_route=\/wp\/v2\/posts\/2870","targetHints":{"allow":["GET"]}}],"collection":[{"href":"http:\/\/svetaobitelj.hr\/index.php?rest_route=\/wp\/v2\/posts"}],"about":[{"href":"http:\/\/svetaobitelj.hr\/index.php?rest_route=\/wp\/v2\/types\/post"}],"author":[{"embeddable":true,"href":"http:\/\/svetaobitelj.hr\/index.php?rest_route=\/wp\/v2\/users\/2"}],"replies":[{"embeddable":true,"href":"http:\/\/svetaobitelj.hr\/index.php?rest_route=%2Fwp%2Fv2%2Fcomments&post=2870"}],"version-history":[{"count":1,"href":"http:\/\/svetaobitelj.hr\/index.php?rest_route=\/wp\/v2\/posts\/2870\/revisions"}],"predecessor-version":[{"id":2871,"href":"http:\/\/svetaobitelj.hr\/index.php?rest_route=\/wp\/v2\/posts\/2870\/revisions\/2871"}],"wp:attachment":[{"href":"http:\/\/svetaobitelj.hr\/index.php?rest_route=%2Fwp%2Fv2%2Fmedia&parent=2870"}],"wp:term":[{"taxonomy":"category","embeddable":true,"href":"http:\/\/svetaobitelj.hr\/index.php?rest_route=%2Fwp%2Fv2%2Fcategories&post=2870"},{"taxonomy":"post_tag","embeddable":true,"href":"http:\/\/svetaobitelj.hr\/index.php?rest_route=%2Fwp%2Fv2%2Ftags&post=2870"}],"curies":[{"name":"wp","href":"https:\/\/api.w.org\/{rel}","templated":true}]}}