{"id":2865,"date":"2023-07-20T16:51:11","date_gmt":"2023-07-20T15:51:11","guid":{"rendered":"http:\/\/svetaobitelj.hr\/?p=2865"},"modified":"2023-07-25T11:15:22","modified_gmt":"2023-07-25T10:15:22","slug":"zupne-obavijesti-16-nedjelja-kroz-godinu-6","status":"publish","type":"post","link":"http:\/\/svetaobitelj.hr\/?p=2865","title":{"rendered":"\u017dupne obavijesti: 16. nedjelja kroz godinu"},"content":{"rendered":"\n<p>Svjedoci smo stra\u0161nog nevremena u na\u0161oj Domovini koji je bio 19. srpnja ove godine u ve\u010dernjim satima. Me\u0111u ostalim dijelovima u na\u0161oj domovini, osobito je stradalo podru\u010dje Vukovarsko-Srijemske te Brodsko-posavske \u017eupanije u na\u0161oj \u0110akova\u010dko-osje\u010dkoj nadbiskupiji. Molimo za sve stradalnike, a na\u0161 nas nadbiskup poziva da u nedjelju, 6. kolovoza ove godine, u svim \u017eupama na\u0161e Nadbiskupije koje nisu bile pogo\u0111ene olujnim nevremenom, prikupljamo nov\u010dane priloge za pomo\u0107 stradalima. Prikupljeni prilozi bit \u0107e podijeljeni kao pomo\u0107 za saniranje materijalne \u0161tete na crkvenim objektima i na obiteljskim domovima siroma\u0161nih \u017eupa i obitelji koje su pretrpjele veliku \u0161tetu. Svoj nov\u010dani dar mo\u017eete donijeti i u \u017eupni ured kroz ova dva tjedna u uredovno vrijeme.<\/p>\n\n\n\n<p>Slavimo 16. nedjelju kroz godinu. Nacionalna uprava Papinskih misijskih djela u Republici Hrvatskoj organizira akciju \u2013 MIVA Hrvatska, koja je posve\u0107ena sv. Kristoforu, za\u0161titniku voza\u010da. Na kraju svetih misa molit \u0107emo za blagoslov voza\u010da i vozila te smo pozvani da svojim nov\u010danim prilozima pomognemo nabavci vozila za misije i misionare. Svoj nov\u010dani prilog mo\u017eete dati na izlazu iz crkve. Mogu\u0107nost je i kupnje prigodnih naljepnica, privjesaka kao i mirisa za automobile \u010dijom kupnjom tako\u0111er poma\u017eemo radu na\u0161ih misionara.<\/p>\n\n\n\n<p>U srijedu slavimo sv. Joakima i Anu, roditelje Bla\u017eene Djevice Marije. Svete mise su u 7:30 i 18:30 sati.<\/p>\n\n\n\n<p>Sljede\u0107e nedjelje slavimo 17. nedjelju kroz godinu.<\/p>\n\n\n\n<p>Zahvalni za va\u0161u pomo\u0107 kojom poma\u017eete obnovu na\u0161ih crkava i samostana nastradalih u potresima, preporu\u010damo se i nadalje va\u0161oj dobroti. Svoj nov\u010dani prilog mo\u017eete dati u posebno ozna\u010denu \u0161krabicu pri izlazu iz crkve ili u \u017eupni ured ili direktno uplatiti na ra\u010dun koji se nalazi na plakatu ili letku. <\/p>\n\n\n\n<p>Molimo sve vas koji jo\u0161 nemate \u017eupnu obiteljsku knji\u017eicu ili je potrebno upisati promjene u postoje\u0107e, da se javite u \u017eupni ured.<\/p>\n\n\n\n<p>Od 1. kolovoza do 10. listopada ove godine mogu se dostaviti molbe za dobivanje financijske pomo\u0107i u\u010denicima i studentima na\u0161e nadbiskupije Zakladi \u201eDr. Nikola Dogan\u201c. Sve informacije o uvjetima natje\u010daja i potrebnoj dokumentaciji koju kandidati trebaju dostaviti mo\u017eete dobiti na www.caritas.djos.hr od 1. kolovoza ove godine.<\/p>\n\n\n\n<p>Kupujte i \u010ditajte katoli\u010dki vjerski tisak.<\/p>\n","protected":false},"excerpt":{"rendered":"<p>Svjedoci smo stra\u0161nog nevremena u na\u0161oj Domovini koji je bio 19. srpnja ove godine u ve\u010dernjim satima. Me\u0111u ostalim dijelovima u na\u0161oj domovini, osobito je stradalo podru\u010dje Vukovarsko-Srijemske te Brodsko-posavske \u017eupanije u na\u0161oj \u0110akova\u010dko-osje\u010dkoj nadbiskupiji. Molimo za sve stradalnike, a na\u0161 nas nadbiskup poziva da u nedjelju, 6. kolovoza ove godine, u svim \u017eupama na\u0161e <a href=\"http:\/\/svetaobitelj.hr\/?p=2865\" class=\"more-link\">[&hellip;]<\/a><\/p>\n","protected":false},"author":2,"featured_media":0,"comment_status":"closed","ping_status":"open","sticky":false,"template":"","format":"standard","meta":{"footnotes":""},"categories":[3],"tags":[],"class_list":["entry","author-","post-2865","post","type-post","status-publish","format-standard","category-zupa"],"_links":{"self":[{"href":"http:\/\/svetaobitelj.hr\/index.php?rest_route=\/wp\/v2\/posts\/2865","targetHints":{"allow":["GET"]}}],"collection":[{"href":"http:\/\/svetaobitelj.hr\/index.php?rest_route=\/wp\/v2\/posts"}],"about":[{"href":"http:\/\/svetaobitelj.hr\/index.php?rest_route=\/wp\/v2\/types\/post"}],"author":[{"embeddable":true,"href":"http:\/\/svetaobitelj.hr\/index.php?rest_route=\/wp\/v2\/users\/2"}],"replies":[{"embeddable":true,"href":"http:\/\/svetaobitelj.hr\/index.php?rest_route=%2Fwp%2Fv2%2Fcomments&post=2865"}],"version-history":[{"count":2,"href":"http:\/\/svetaobitelj.hr\/index.php?rest_route=\/wp\/v2\/posts\/2865\/revisions"}],"predecessor-version":[{"id":2868,"href":"http:\/\/svetaobitelj.hr\/index.php?rest_route=\/wp\/v2\/posts\/2865\/revisions\/2868"}],"wp:attachment":[{"href":"http:\/\/svetaobitelj.hr\/index.php?rest_route=%2Fwp%2Fv2%2Fmedia&parent=2865"}],"wp:term":[{"taxonomy":"category","embeddable":true,"href":"http:\/\/svetaobitelj.hr\/index.php?rest_route=%2Fwp%2Fv2%2Fcategories&post=2865"},{"taxonomy":"post_tag","embeddable":true,"href":"http:\/\/svetaobitelj.hr\/index.php?rest_route=%2Fwp%2Fv2%2Ftags&post=2865"}],"curies":[{"name":"wp","href":"https:\/\/api.w.org\/{rel}","templated":true}]}}