{"id":2862,"date":"2023-07-14T08:10:25","date_gmt":"2023-07-14T07:10:25","guid":{"rendered":"https:\/\/svetaobitelj.hr\/?p=2862"},"modified":"2023-07-14T08:10:25","modified_gmt":"2023-07-14T07:10:25","slug":"zupne-obavijesti-15-nedjelja-kroz-godinu-6","status":"publish","type":"post","link":"http:\/\/svetaobitelj.hr\/?p=2862","title":{"rendered":"\u017dupne obavijesti: 15. nedjelja kroz godinu"},"content":{"rendered":"\n<p>Slavimo 15. nedjelju kroz godinu, a povodom spomendana sv. Franje Solanskoga, prezbitera prvoga franjeva\u010dkog reda i za\u0161titnika misija i misionara, kojega smo proslavili u petak, 14. srpnja, prikupljamo nakon svetih misa nov\u010dane priloge za potrebe misija i misionara. <\/p>\n\n\n\n<p>Sljede\u0107e nedjelje slavimo 16. nedjelju kroz godinu. Nacionalna uprava Papinskih misijskih djela u Republici Hrvatskoj organizira te nedjelje akciju \u2013 MIVA Hrvatska, koja je posve\u0107ena sv. Kristoforu, za\u0161titniku voza\u010da. Nakon svetih misa molit \u0107emo za blagoslov vozila i pozvani smo da svojim nov\u010danim prilozima pomognemo nabavci vozila za misije i<br>misionare. Bit \u0107e i mogu\u0107nost kupnje prigodnih naljepnica, privjesaka kao i mirisa za automobile \u010dijom kupnjom tako\u0111er poma\u017eemo radu na\u0161ih misionara.<\/p>\n\n\n\n<p>Zahvalni za va\u0161u pomo\u0107 kojom poma\u017eete obnovu na\u0161ih crkava i samostana nastradalih u potresima, preporu\u010damo se i nadalje va\u0161oj dobroti. Svoj nov\u010dani prilog mo\u017eete dati u posebno ozna\u010denu \u0161krabicu pri izlazu iz crkve ili u \u017eupni ured ili direktno uplatiti na ra\u010dun koji se nalazi na plakatu ili letku.<\/p>\n\n\n\n<p>Molimo sve vas koji jo\u0161 nemate \u017eupnu obiteljsku knji\u017eicu ili je potrebno upisati promjene u postoje\u0107e, da se javite u \u017eupni ured.<\/p>\n\n\n\n<p>Kupujte i \u010ditajte katoli\u010dki vjerski tisak.<\/p>\n","protected":false},"excerpt":{"rendered":"<p>Slavimo 15. nedjelju kroz godinu, a povodom spomendana sv. Franje Solanskoga, prezbitera prvoga franjeva\u010dkog reda i za\u0161titnika misija i misionara, kojega smo proslavili u petak, 14. srpnja, prikupljamo nakon svetih misa nov\u010dane priloge za potrebe misija i misionara. Sljede\u0107e nedjelje slavimo 16. nedjelju kroz godinu. Nacionalna uprava Papinskih misijskih djela u Republici Hrvatskoj organizira te <a href=\"http:\/\/svetaobitelj.hr\/?p=2862\" class=\"more-link\">[&hellip;]<\/a><\/p>\n","protected":false},"author":2,"featured_media":0,"comment_status":"closed","ping_status":"open","sticky":false,"template":"","format":"standard","meta":{"footnotes":""},"categories":[3],"tags":[],"class_list":["entry","author-","post-2862","post","type-post","status-publish","format-standard","category-zupa"],"_links":{"self":[{"href":"http:\/\/svetaobitelj.hr\/index.php?rest_route=\/wp\/v2\/posts\/2862","targetHints":{"allow":["GET"]}}],"collection":[{"href":"http:\/\/svetaobitelj.hr\/index.php?rest_route=\/wp\/v2\/posts"}],"about":[{"href":"http:\/\/svetaobitelj.hr\/index.php?rest_route=\/wp\/v2\/types\/post"}],"author":[{"embeddable":true,"href":"http:\/\/svetaobitelj.hr\/index.php?rest_route=\/wp\/v2\/users\/2"}],"replies":[{"embeddable":true,"href":"http:\/\/svetaobitelj.hr\/index.php?rest_route=%2Fwp%2Fv2%2Fcomments&post=2862"}],"version-history":[{"count":1,"href":"http:\/\/svetaobitelj.hr\/index.php?rest_route=\/wp\/v2\/posts\/2862\/revisions"}],"predecessor-version":[{"id":2863,"href":"http:\/\/svetaobitelj.hr\/index.php?rest_route=\/wp\/v2\/posts\/2862\/revisions\/2863"}],"wp:attachment":[{"href":"http:\/\/svetaobitelj.hr\/index.php?rest_route=%2Fwp%2Fv2%2Fmedia&parent=2862"}],"wp:term":[{"taxonomy":"category","embeddable":true,"href":"http:\/\/svetaobitelj.hr\/index.php?rest_route=%2Fwp%2Fv2%2Fcategories&post=2862"},{"taxonomy":"post_tag","embeddable":true,"href":"http:\/\/svetaobitelj.hr\/index.php?rest_route=%2Fwp%2Fv2%2Ftags&post=2862"}],"curies":[{"name":"wp","href":"https:\/\/api.w.org\/{rel}","templated":true}]}}