{"id":2853,"date":"2023-07-10T08:44:03","date_gmt":"2023-07-10T07:44:03","guid":{"rendered":"https:\/\/svetaobitelj.hr\/?p=2853"},"modified":"2023-07-10T08:44:03","modified_gmt":"2023-07-10T07:44:03","slug":"spomendan-blazene-marije-petkovic","status":"publish","type":"post","link":"http:\/\/svetaobitelj.hr\/?p=2853","title":{"rendered":"Spomendan bla\u017eene Marije Petkovi\u0107"},"content":{"rendered":"\n<div class=\"wp-block-image\"><figure class=\"aligncenter size-large\"><img loading=\"lazy\" decoding=\"async\" width=\"1024\" height=\"1024\" src=\"https:\/\/svetaobitelj.hr\/wp-content\/uploads\/2023\/07\/IMG-299e934358a708cdbddcd29ad8b1dc2d-V-1024x1024.jpg\" alt=\"\" class=\"wp-image-2854\" srcset=\"http:\/\/svetaobitelj.hr\/wp-content\/uploads\/2023\/07\/IMG-299e934358a708cdbddcd29ad8b1dc2d-V-1024x1024.jpg 1024w, http:\/\/svetaobitelj.hr\/wp-content\/uploads\/2023\/07\/IMG-299e934358a708cdbddcd29ad8b1dc2d-V-300x300.jpg 300w, http:\/\/svetaobitelj.hr\/wp-content\/uploads\/2023\/07\/IMG-299e934358a708cdbddcd29ad8b1dc2d-V-150x150.jpg 150w, http:\/\/svetaobitelj.hr\/wp-content\/uploads\/2023\/07\/IMG-299e934358a708cdbddcd29ad8b1dc2d-V-768x768.jpg 768w, http:\/\/svetaobitelj.hr\/wp-content\/uploads\/2023\/07\/IMG-299e934358a708cdbddcd29ad8b1dc2d-V-1536x1536.jpg 1536w, http:\/\/svetaobitelj.hr\/wp-content\/uploads\/2023\/07\/IMG-299e934358a708cdbddcd29ad8b1dc2d-V.jpg 1600w\" sizes=\"auto, (max-width: 1024px) 100vw, 1024px\" \/><\/figure><\/div>\n\n\n\n<p>Spomendan bla\u017eene Marije od Propetog Isusa Petkovi\u0107, \u010dije se mo\u0107i nalaze ispod oltara u na\u0161oj \u017eupnoj crkvi proslavili smo najprije trodnevnicom u \u010dast na\u0161e bla\u017eenice. Sva tri dana trodnevnice predmolila se krunica uz \u010ditanje duhovnih misli bla\u017eenice. \u010citanja i pobo\u017enost krunice predmolile su \u010dasne sestre koje djeluju u na\u0161oj \u017eupi u zajedni\u0161tvu sa vjernicima laicima koji se posebno utje\u010du bla\u017eenici. Euharistijska slavlja u trodnevlju predslavio je na\u0161 \u017eupnik fra Dragutin Bedeni\u010di\u0107, a glazbeno animirala s. Helena Bakula.<\/p>\n\n\n\n<div class=\"wp-block-image\"><figure class=\"aligncenter size-large\"><img loading=\"lazy\" decoding=\"async\" width=\"1024\" height=\"1024\" src=\"https:\/\/svetaobitelj.hr\/wp-content\/uploads\/2023\/07\/IMG-f139e845ca2600e50505f2307d9fe700-V-1024x1024.jpg\" alt=\"\" class=\"wp-image-2855\" srcset=\"http:\/\/svetaobitelj.hr\/wp-content\/uploads\/2023\/07\/IMG-f139e845ca2600e50505f2307d9fe700-V-1024x1024.jpg 1024w, http:\/\/svetaobitelj.hr\/wp-content\/uploads\/2023\/07\/IMG-f139e845ca2600e50505f2307d9fe700-V-300x300.jpg 300w, http:\/\/svetaobitelj.hr\/wp-content\/uploads\/2023\/07\/IMG-f139e845ca2600e50505f2307d9fe700-V-150x150.jpg 150w, http:\/\/svetaobitelj.hr\/wp-content\/uploads\/2023\/07\/IMG-f139e845ca2600e50505f2307d9fe700-V-768x768.jpg 768w, http:\/\/svetaobitelj.hr\/wp-content\/uploads\/2023\/07\/IMG-f139e845ca2600e50505f2307d9fe700-V-1536x1536.jpg 1536w, http:\/\/svetaobitelj.hr\/wp-content\/uploads\/2023\/07\/IMG-f139e845ca2600e50505f2307d9fe700-V.jpg 1600w\" sizes=\"auto, (max-width: 1024px) 100vw, 1024px\" \/><\/figure><\/div>\n\n\n\n<p>Posebno sve\u010dano je bilo u nedjelju na misi u 10 sati kada smo proslavili spomendan bl. Marije Petkovi\u0107. Misno slavlje predvodio je fra Dragutin, a djeca iz dje\u010djeg vrti\u0107a Marija Petkovi\u0107 pod budnim okom na\u0161ih sestara pjesmom i predstavom uveli\u010dali su misno slavlje i na taj na\u010din pokazali ljubav prema na\u0161oj hrvatskoj bla\u017eenici. Posebno su se istaknuli Roko i Iva koji su svoj prvi samostalni nastup odli\u010dno odradili, i zasigurno ih je i Majka Marija Petkovi\u0107 bodrila i molila za njih kod Gospodina, kao i za svu djecu i vjernike da i njima Gospodin bude uzor i da prepoznaju kao \u0161to je to i ona sama prepoznala da je On Otac Milosr\u0111a. Sjetimo se za kraj kako se do svoje smrti nije umarala poticati svoje sestre neka pona\u0161anjem i \u017ertvom pokazuju kako se u njima utjelovila Bo\u017eja ljubav, dobrota i milosr\u0111e. Daj nam Bo\u017ee da svi poput na\u0161e bla\u017eenice prepoznajemo i ljubimo probranu i ljubljenu bra\u0107u i sestre raspetoga Gospodina kako ih je nazivala &#8211; one u potrebi i da mu slu\u017eimo poput Majke Marije.<\/p>\n\n\n\n<div class=\"wp-block-image\"><figure class=\"aligncenter size-large\"><img loading=\"lazy\" decoding=\"async\" width=\"1024\" height=\"1024\" src=\"https:\/\/svetaobitelj.hr\/wp-content\/uploads\/2023\/07\/IMG-da0774ef5bdcdcc35213b19ef62bdf12-V-1024x1024.jpg\" alt=\"\" class=\"wp-image-2856\" srcset=\"http:\/\/svetaobitelj.hr\/wp-content\/uploads\/2023\/07\/IMG-da0774ef5bdcdcc35213b19ef62bdf12-V-1024x1024.jpg 1024w, http:\/\/svetaobitelj.hr\/wp-content\/uploads\/2023\/07\/IMG-da0774ef5bdcdcc35213b19ef62bdf12-V-300x300.jpg 300w, http:\/\/svetaobitelj.hr\/wp-content\/uploads\/2023\/07\/IMG-da0774ef5bdcdcc35213b19ef62bdf12-V-150x150.jpg 150w, http:\/\/svetaobitelj.hr\/wp-content\/uploads\/2023\/07\/IMG-da0774ef5bdcdcc35213b19ef62bdf12-V-768x768.jpg 768w, http:\/\/svetaobitelj.hr\/wp-content\/uploads\/2023\/07\/IMG-da0774ef5bdcdcc35213b19ef62bdf12-V-1536x1536.jpg 1536w, http:\/\/svetaobitelj.hr\/wp-content\/uploads\/2023\/07\/IMG-da0774ef5bdcdcc35213b19ef62bdf12-V.jpg 1600w\" sizes=\"auto, (max-width: 1024px) 100vw, 1024px\" \/><\/figure><\/div>\n\n\n\n<p><\/p>\n","protected":false},"excerpt":{"rendered":"<p>Spomendan bla\u017eene Marije od Propetog Isusa Petkovi\u0107, \u010dije se mo\u0107i nalaze ispod oltara u na\u0161oj \u017eupnoj crkvi proslavili smo najprije trodnevnicom u \u010dast na\u0161e bla\u017eenice. Sva tri dana trodnevnice predmolila se krunica uz \u010ditanje duhovnih misli bla\u017eenice. \u010citanja i pobo\u017enost krunice predmolile su \u010dasne sestre koje djeluju u na\u0161oj \u017eupi u zajedni\u0161tvu sa vjernicima laicima <a href=\"http:\/\/svetaobitelj.hr\/?p=2853\" class=\"more-link\">[&hellip;]<\/a><\/p>\n","protected":false},"author":2,"featured_media":0,"comment_status":"closed","ping_status":"open","sticky":false,"template":"","format":"standard","meta":{"footnotes":""},"categories":[3],"tags":[],"class_list":["entry","author-","post-2853","post","type-post","status-publish","format-standard","category-zupa"],"_links":{"self":[{"href":"http:\/\/svetaobitelj.hr\/index.php?rest_route=\/wp\/v2\/posts\/2853","targetHints":{"allow":["GET"]}}],"collection":[{"href":"http:\/\/svetaobitelj.hr\/index.php?rest_route=\/wp\/v2\/posts"}],"about":[{"href":"http:\/\/svetaobitelj.hr\/index.php?rest_route=\/wp\/v2\/types\/post"}],"author":[{"embeddable":true,"href":"http:\/\/svetaobitelj.hr\/index.php?rest_route=\/wp\/v2\/users\/2"}],"replies":[{"embeddable":true,"href":"http:\/\/svetaobitelj.hr\/index.php?rest_route=%2Fwp%2Fv2%2Fcomments&post=2853"}],"version-history":[{"count":4,"href":"http:\/\/svetaobitelj.hr\/index.php?rest_route=\/wp\/v2\/posts\/2853\/revisions"}],"predecessor-version":[{"id":2860,"href":"http:\/\/svetaobitelj.hr\/index.php?rest_route=\/wp\/v2\/posts\/2853\/revisions\/2860"}],"wp:attachment":[{"href":"http:\/\/svetaobitelj.hr\/index.php?rest_route=%2Fwp%2Fv2%2Fmedia&parent=2853"}],"wp:term":[{"taxonomy":"category","embeddable":true,"href":"http:\/\/svetaobitelj.hr\/index.php?rest_route=%2Fwp%2Fv2%2Fcategories&post=2853"},{"taxonomy":"post_tag","embeddable":true,"href":"http:\/\/svetaobitelj.hr\/index.php?rest_route=%2Fwp%2Fv2%2Ftags&post=2853"}],"curies":[{"name":"wp","href":"https:\/\/api.w.org\/{rel}","templated":true}]}}