{"id":2850,"date":"2023-07-08T05:41:50","date_gmt":"2023-07-08T04:41:50","guid":{"rendered":"http:\/\/svetaobitelj.hr\/?p=2850"},"modified":"2023-07-08T05:41:51","modified_gmt":"2023-07-08T04:41:51","slug":"zupne-obavijesti-14-nedjelja-kroz-godinu-6","status":"publish","type":"post","link":"http:\/\/svetaobitelj.hr\/?p=2850","title":{"rendered":"\u017dupne obavijesti: 14. nedjelja kroz godinu"},"content":{"rendered":"\n<p>Slavimo 14. nedjelju kroz godinu. Pod svetom misom u 10:00 sati sve\u010danije \u0107emo proslaviti bl. Mariju od Propetoga Isusa Petkovi\u0107, osnivateljicu sestara Bo\u017ejega Milosr\u0111a koje \u017eive u na\u0161oj \u017eupi. Mo\u0107i bl. Marije Petkovi\u0107 su ispod oltara u gornjem dijelu crkve.<\/p>\n\n\n\n<p>U \u010detvrtak, 13. srpnja ove godine, svetom misom u 9:00 sati koju \u0107e predvoditi na\u0161 nadbiskup mons. \u0110uro Hrani\u0107, bit \u0107e otvorena kapela Trajnoga euharistijskog klanjanja u Osijeku \u2013 kapela Snje\u017ene Gospe. <\/p>\n\n\n\n<p>Sljede\u0107e nedjelje slavimo 15. nedjelju kroz godinu, a povodom spomendana sv. Franje Solanskoga, prezbitera prvoga franjeva\u010dkog reda i za\u0161titnika misija i misionara, kojega slavimo 14. srpnja, skupljat \u0107emo u nedjelju nakon svetih misa nov\u010dane priloge za potrebe misija i misionara.<\/p>\n\n\n\n<p>Zahvalni za va\u0161u pomo\u0107 kojom poma\u017eete obnovu na\u0161ih crkava i samostana nastradalih u potresima, preporu\u010damo se i nadalje va\u0161oj dobroti. Svoj nov\u010dani prilog mo\u017eete dati u posebno ozna\u010denu \u0161krabicu pri izlazu iz crkve ili u \u017eupni ured ili direktno uplatiti na ra\u010dun koji se nalazi na plakatu ili letku.<\/p>\n\n\n\n<p>Molimo sve vas koji jo\u0161 nemate \u017eupnu obiteljsku knji\u017eicu ili je potrebno upisati promjene u postoje\u0107e, da se javite u \u017eupni ured.<\/p>\n\n\n\n<p>Kupujte i \u010ditajte katoli\u010dki vjerski tisak.<\/p>\n","protected":false},"excerpt":{"rendered":"<p>Slavimo 14. nedjelju kroz godinu. Pod svetom misom u 10:00 sati sve\u010danije \u0107emo proslaviti bl. Mariju od Propetoga Isusa Petkovi\u0107, osnivateljicu sestara Bo\u017ejega Milosr\u0111a koje \u017eive u na\u0161oj \u017eupi. Mo\u0107i bl. Marije Petkovi\u0107 su ispod oltara u gornjem dijelu crkve. U \u010detvrtak, 13. srpnja ove godine, svetom misom u 9:00 sati koju \u0107e predvoditi na\u0161 <a href=\"http:\/\/svetaobitelj.hr\/?p=2850\" class=\"more-link\">[&hellip;]<\/a><\/p>\n","protected":false},"author":2,"featured_media":0,"comment_status":"closed","ping_status":"open","sticky":false,"template":"","format":"standard","meta":{"footnotes":""},"categories":[3],"tags":[],"class_list":["entry","author-","post-2850","post","type-post","status-publish","format-standard","category-zupa"],"_links":{"self":[{"href":"http:\/\/svetaobitelj.hr\/index.php?rest_route=\/wp\/v2\/posts\/2850","targetHints":{"allow":["GET"]}}],"collection":[{"href":"http:\/\/svetaobitelj.hr\/index.php?rest_route=\/wp\/v2\/posts"}],"about":[{"href":"http:\/\/svetaobitelj.hr\/index.php?rest_route=\/wp\/v2\/types\/post"}],"author":[{"embeddable":true,"href":"http:\/\/svetaobitelj.hr\/index.php?rest_route=\/wp\/v2\/users\/2"}],"replies":[{"embeddable":true,"href":"http:\/\/svetaobitelj.hr\/index.php?rest_route=%2Fwp%2Fv2%2Fcomments&post=2850"}],"version-history":[{"count":1,"href":"http:\/\/svetaobitelj.hr\/index.php?rest_route=\/wp\/v2\/posts\/2850\/revisions"}],"predecessor-version":[{"id":2851,"href":"http:\/\/svetaobitelj.hr\/index.php?rest_route=\/wp\/v2\/posts\/2850\/revisions\/2851"}],"wp:attachment":[{"href":"http:\/\/svetaobitelj.hr\/index.php?rest_route=%2Fwp%2Fv2%2Fmedia&parent=2850"}],"wp:term":[{"taxonomy":"category","embeddable":true,"href":"http:\/\/svetaobitelj.hr\/index.php?rest_route=%2Fwp%2Fv2%2Fcategories&post=2850"},{"taxonomy":"post_tag","embeddable":true,"href":"http:\/\/svetaobitelj.hr\/index.php?rest_route=%2Fwp%2Fv2%2Ftags&post=2850"}],"curies":[{"name":"wp","href":"https:\/\/api.w.org\/{rel}","templated":true}]}}