{"id":2839,"date":"2023-06-30T05:05:53","date_gmt":"2023-06-30T04:05:53","guid":{"rendered":"http:\/\/svetaobitelj.hr\/?p=2839"},"modified":"2023-06-30T20:12:55","modified_gmt":"2023-06-30T19:12:55","slug":"zupne-obavijesti-13-nedjelja-kroz-godinu-6","status":"publish","type":"post","link":"http:\/\/svetaobitelj.hr\/?p=2839","title":{"rendered":"\u017dupne obavijesti: 13. nedjelja kroz godinu"},"content":{"rendered":"\n<p>Slavimo 13. nedjelju kroz godinu. Prva je nedjelja u mjesecu kada se svojim molitvama i nov\u010danim prilozima sje\u0107amo na\u0161ih sjemeni\u0161ta i molimo za duhovna zvanja. Svoj nov\u010dani prilog mo\u017eete dati na izlazu iz crkve.<\/p>\n\n\n\n<p>U srpnju i kolovozu nedjeljne svete mise su u 7:00, 10:00 i 18:30 sati, a nema svetih misa u 9:00 i u 11:00 sati.<\/p>\n\n\n\n<p>U srijedu slavimo sv. \u0106irila i Metoda, za\u0161titnike Europe i na\u0161e Hrvatske franjeva\u010dke provincije sv. \u0106irila i Metoda sa sjedi\u0161tem u Zagrebu. Svete mise su u 7:30 i 18:30 sati.<\/p>\n\n\n\n<p>U \u010detvrtak zapo\u010dinjemo trodnevnicu uo\u010di spomendana bl. Marije od Propetoga Isusa Petkovi\u0107. Svakog dana trodnevnice bit \u0107e pobo\u017enost na \u010dast bl. Marije u 18:00 sati. U \u010detvrtak nakon ve\u010dernje svete mise bit \u0107e klanjanje pred Presvetim kada \u0107emo moliti za duhovna zvanja.<\/p>\n\n\n\n<p>Sljede\u0107e nedjelje slavimo 14. nedjelju kroz godinu. Pod svetom misom u 10:00 sati sve\u010danije \u0107emo proslaviti bl. Mariju od Propetoga Isusa Petkovi\u0107, osnivateljicu sestara Bo\u017ejega Milosr\u0111a koje djeluju u na\u0161oj \u017eupi. Mo\u0107i bl. Marije Petkovi\u0107 su ispod oltara u gornjem dijelu crkve.<\/p>\n\n\n\n<p>Zahvalni za va\u0161u pomo\u0107 kojom poma\u017eete obnovu na\u0161ih crkava i samostana nastradalih u potresima, preporu\u010damo se i nadalje va\u0161oj dobroti. Svoj nov\u010dani prilog mo\u017eete dati u posebno ozna\u010denu \u0161krabicu pri izlazu iz crkve ili u \u017eupni ured ili direktno uplatiti na ra\u010dun koji se nalazi na plakatu ili letku.<\/p>\n\n\n\n<p>Molimo sve vas koji jo\u0161 nemate \u017eupnu obiteljsku knji\u017eicu ili je potrebno upisati promjene u postoje\u0107e, da se javite u \u017eupni ured.<\/p>\n\n\n\n<p>Kupujte i \u010ditajte katoli\u010dki vjerski tisak.<\/p>\n","protected":false},"excerpt":{"rendered":"<p>Slavimo 13. nedjelju kroz godinu. Prva je nedjelja u mjesecu kada se svojim molitvama i nov\u010danim prilozima sje\u0107amo na\u0161ih sjemeni\u0161ta i molimo za duhovna zvanja. Svoj nov\u010dani prilog mo\u017eete dati na izlazu iz crkve. U srpnju i kolovozu nedjeljne svete mise su u 7:00, 10:00 i 18:30 sati, a nema svetih misa u 9:00 i <a href=\"http:\/\/svetaobitelj.hr\/?p=2839\" class=\"more-link\">[&hellip;]<\/a><\/p>\n","protected":false},"author":2,"featured_media":0,"comment_status":"closed","ping_status":"open","sticky":false,"template":"","format":"standard","meta":{"footnotes":""},"categories":[3],"tags":[],"class_list":["entry","author-","post-2839","post","type-post","status-publish","format-standard","category-zupa"],"_links":{"self":[{"href":"http:\/\/svetaobitelj.hr\/index.php?rest_route=\/wp\/v2\/posts\/2839","targetHints":{"allow":["GET"]}}],"collection":[{"href":"http:\/\/svetaobitelj.hr\/index.php?rest_route=\/wp\/v2\/posts"}],"about":[{"href":"http:\/\/svetaobitelj.hr\/index.php?rest_route=\/wp\/v2\/types\/post"}],"author":[{"embeddable":true,"href":"http:\/\/svetaobitelj.hr\/index.php?rest_route=\/wp\/v2\/users\/2"}],"replies":[{"embeddable":true,"href":"http:\/\/svetaobitelj.hr\/index.php?rest_route=%2Fwp%2Fv2%2Fcomments&post=2839"}],"version-history":[{"count":3,"href":"http:\/\/svetaobitelj.hr\/index.php?rest_route=\/wp\/v2\/posts\/2839\/revisions"}],"predecessor-version":[{"id":2842,"href":"http:\/\/svetaobitelj.hr\/index.php?rest_route=\/wp\/v2\/posts\/2839\/revisions\/2842"}],"wp:attachment":[{"href":"http:\/\/svetaobitelj.hr\/index.php?rest_route=%2Fwp%2Fv2%2Fmedia&parent=2839"}],"wp:term":[{"taxonomy":"category","embeddable":true,"href":"http:\/\/svetaobitelj.hr\/index.php?rest_route=%2Fwp%2Fv2%2Fcategories&post=2839"},{"taxonomy":"post_tag","embeddable":true,"href":"http:\/\/svetaobitelj.hr\/index.php?rest_route=%2Fwp%2Fv2%2Ftags&post=2839"}],"curies":[{"name":"wp","href":"https:\/\/api.w.org\/{rel}","templated":true}]}}