{"id":2824,"date":"2023-06-26T19:22:27","date_gmt":"2023-06-26T18:22:27","guid":{"rendered":"http:\/\/svetaobitelj.hr\/?p=2824"},"modified":"2023-06-26T19:22:28","modified_gmt":"2023-06-26T18:22:28","slug":"sumanovci-duhovna-obnova-za-suradnike-animatore-i-povjerenike-zupnih-misijskih-skupina","status":"publish","type":"post","link":"http:\/\/svetaobitelj.hr\/?p=2824","title":{"rendered":"\u0160umanovci \u2013 duhovna obnova za suradnike, animatore i povjerenike \u017eupnih misijskih skupina"},"content":{"rendered":"\n<div class=\"wp-block-image\"><figure class=\"aligncenter size-large\"><img loading=\"lazy\" decoding=\"async\" width=\"1024\" height=\"1024\" src=\"http:\/\/svetaobitelj.hr\/wp-content\/uploads\/2023\/06\/IMG-04599dc929eb88fc64c89fbb4392b59b-V-1024x1024.jpg\" alt=\"\" class=\"wp-image-2825\" srcset=\"http:\/\/svetaobitelj.hr\/wp-content\/uploads\/2023\/06\/IMG-04599dc929eb88fc64c89fbb4392b59b-V-1024x1024.jpg 1024w, http:\/\/svetaobitelj.hr\/wp-content\/uploads\/2023\/06\/IMG-04599dc929eb88fc64c89fbb4392b59b-V-300x300.jpg 300w, http:\/\/svetaobitelj.hr\/wp-content\/uploads\/2023\/06\/IMG-04599dc929eb88fc64c89fbb4392b59b-V-150x150.jpg 150w, http:\/\/svetaobitelj.hr\/wp-content\/uploads\/2023\/06\/IMG-04599dc929eb88fc64c89fbb4392b59b-V-768x768.jpg 768w, http:\/\/svetaobitelj.hr\/wp-content\/uploads\/2023\/06\/IMG-04599dc929eb88fc64c89fbb4392b59b-V-1536x1536.jpg 1536w, http:\/\/svetaobitelj.hr\/wp-content\/uploads\/2023\/06\/IMG-04599dc929eb88fc64c89fbb4392b59b-V.jpg 1600w\" sizes=\"auto, (max-width: 1024px) 100vw, 1024px\" \/><\/figure><\/div>\n\n\n\n<p><\/p>\n\n\n\n<p>U subotu 24.06.2023 u sveti\u0161tu Majke Bo\u017eje u \u0160umanovcima odr\u017eana je duhovna obnova za suradnike, animatore i povjerenike \u017eupnih misijskih skupina u na\u0161oj nadbiskupiji. Okupljanje je zapo\u010delo u 18 sati. Upravitelj sveti\u0161ta vl\u010d. lvan \u017divi\u0107 prigodnim govorom po\u017eelio nam je iskrenu dobrodo\u0161licu i ukratko nas upoznao s povije\u0161\u0107u sveti\u0161ta koje je ove godine proslavilo 650-u godi\u0161njicu postojanja.\u00a0<br>Nakon toga uslijedila je zajedni\u010dka molitva misijske krunice u kojoj su sudjelovali svi okupljeni. Posebice se u svakom otajstvu molilo za misionare koji djeluju na svim kontinentima, za njihovu snagu i ustrajnost u njihovom misijskom pozivu i poslanju. Izme\u0111u svakog otajstva pjevale su se prigodne pjesme na\u0161oj Majci Mariji koje je animirala s.Helena Bakula iz \u017eupe Sv. Obitelji iz Osijeka.\u00a0<br>Nakon toga uslijedila je sveta misa koju je predslavio pre\u010d. Ante \u0160i\u0161ko, nadbiskupijski povjerenik za misije u \u0110akova\u010dko &#8211; Osje\u010dkoj nadbiskupiji. U svojoj propovijedi poseban naglasak stavio je na zahvalnost prvenstveno onima koji su se odazvali misijskom pozivu, te svim okupljenima na spremnosti slu\u017eenja Crkvi u misijskom poslanju svojih \u017eupnih zajednica. Propovjednik je\u00a0 istaknuo da to slu\u017eenje ponekad tra\u017ei velika odricanja i \u017ertvu te oni koji se zala\u017eu za pomo\u0107 misijama \u010desto nailaze na nerazumijevanje kako u obitelji tako i u \u017eupnim zajednicama. Nadalje osvrnuo se da to nikako ne smije obeshrabriti prijatelje Misija, jer kroz njihov rad na\u0161i misionari diljem svijeta dobivaju veliku pomo\u0107 koja im je potrebna za \u0161irenje Radosne Vijesti Spasenja.\u00a0<\/p>\n\n\n\n<div class=\"wp-block-image\"><figure class=\"aligncenter size-large\"><img loading=\"lazy\" decoding=\"async\" width=\"1024\" height=\"1024\" src=\"http:\/\/svetaobitelj.hr\/wp-content\/uploads\/2023\/06\/IMG-5a01934bb2ae244dce1fa46e973ffb44-V-1024x1024.jpg\" alt=\"\" class=\"wp-image-2827\" srcset=\"http:\/\/svetaobitelj.hr\/wp-content\/uploads\/2023\/06\/IMG-5a01934bb2ae244dce1fa46e973ffb44-V-1024x1024.jpg 1024w, http:\/\/svetaobitelj.hr\/wp-content\/uploads\/2023\/06\/IMG-5a01934bb2ae244dce1fa46e973ffb44-V-300x300.jpg 300w, http:\/\/svetaobitelj.hr\/wp-content\/uploads\/2023\/06\/IMG-5a01934bb2ae244dce1fa46e973ffb44-V-150x150.jpg 150w, http:\/\/svetaobitelj.hr\/wp-content\/uploads\/2023\/06\/IMG-5a01934bb2ae244dce1fa46e973ffb44-V-768x768.jpg 768w, http:\/\/svetaobitelj.hr\/wp-content\/uploads\/2023\/06\/IMG-5a01934bb2ae244dce1fa46e973ffb44-V-1536x1536.jpg 1536w, http:\/\/svetaobitelj.hr\/wp-content\/uploads\/2023\/06\/IMG-5a01934bb2ae244dce1fa46e973ffb44-V.jpg 1600w\" sizes=\"auto, (max-width: 1024px) 100vw, 1024px\" \/><\/figure><\/div>\n\n\n\n<p>Nakon euharistijskog slavlja uslijedilo je klanjanje pred Presvetim gdje su izre\u010dene molitve za sve \u017eive i mrtve misionare, zahvala za njihov rad i trud na njivi Gospodnjoj, zahvala za sve misijske suradnike i najve\u0107a zahvala Isusu \u0161to nas je otkupio i svojom raspetom Ljubavi na drvetu kri\u017ea. Svetu misu i euharistijsko klanjanje posebno je svojim pjevanjem uveli\u010dao zbor mladih \u201eGlas srca\u201c iz \u017eupe Kraljice sv. Krunice iz Vo\u0111inaca.&nbsp;<br>Nakon Euharistije i klanjanja uslijedilo je zajedni\u010dko fotografiranje svih nazo\u010dnih te mala okrjepa i bratsko dru\u017eenje. Pre\u010d. \u0160i\u0161ko zahvalio se svim sudionicima na dolasku, a posebnu zahvalu izrekao je doma\u0107inu vl\u010d. \u017divi\u0107u na velikom trudu i anga\u017eiranosti oko susreta.&nbsp;<br>Za kraj izrazio je nadu da se \u010dim prije ponovno okupimo i nadalje radosno slu\u017eimo u misijskom poslanju Crkve.<\/p>\n","protected":false},"excerpt":{"rendered":"<p>U subotu 24.06.2023 u sveti\u0161tu Majke Bo\u017eje u \u0160umanovcima odr\u017eana je duhovna obnova za suradnike, animatore i povjerenike \u017eupnih misijskih skupina u na\u0161oj nadbiskupiji. Okupljanje je zapo\u010delo u 18 sati. Upravitelj sveti\u0161ta vl\u010d. lvan \u017divi\u0107 prigodnim govorom po\u017eelio nam je iskrenu dobrodo\u0161licu i ukratko nas upoznao s povije\u0161\u0107u sveti\u0161ta koje je ove godine proslavilo 650-u <a href=\"http:\/\/svetaobitelj.hr\/?p=2824\" class=\"more-link\">[&hellip;]<\/a><\/p>\n","protected":false},"author":2,"featured_media":0,"comment_status":"closed","ping_status":"open","sticky":false,"template":"","format":"standard","meta":{"footnotes":""},"categories":[3],"tags":[],"class_list":["entry","author-","post-2824","post","type-post","status-publish","format-standard","category-zupa"],"_links":{"self":[{"href":"http:\/\/svetaobitelj.hr\/index.php?rest_route=\/wp\/v2\/posts\/2824","targetHints":{"allow":["GET"]}}],"collection":[{"href":"http:\/\/svetaobitelj.hr\/index.php?rest_route=\/wp\/v2\/posts"}],"about":[{"href":"http:\/\/svetaobitelj.hr\/index.php?rest_route=\/wp\/v2\/types\/post"}],"author":[{"embeddable":true,"href":"http:\/\/svetaobitelj.hr\/index.php?rest_route=\/wp\/v2\/users\/2"}],"replies":[{"embeddable":true,"href":"http:\/\/svetaobitelj.hr\/index.php?rest_route=%2Fwp%2Fv2%2Fcomments&post=2824"}],"version-history":[{"count":1,"href":"http:\/\/svetaobitelj.hr\/index.php?rest_route=\/wp\/v2\/posts\/2824\/revisions"}],"predecessor-version":[{"id":2828,"href":"http:\/\/svetaobitelj.hr\/index.php?rest_route=\/wp\/v2\/posts\/2824\/revisions\/2828"}],"wp:attachment":[{"href":"http:\/\/svetaobitelj.hr\/index.php?rest_route=%2Fwp%2Fv2%2Fmedia&parent=2824"}],"wp:term":[{"taxonomy":"category","embeddable":true,"href":"http:\/\/svetaobitelj.hr\/index.php?rest_route=%2Fwp%2Fv2%2Fcategories&post=2824"},{"taxonomy":"post_tag","embeddable":true,"href":"http:\/\/svetaobitelj.hr\/index.php?rest_route=%2Fwp%2Fv2%2Ftags&post=2824"}],"curies":[{"name":"wp","href":"https:\/\/api.w.org\/{rel}","templated":true}]}}