{"id":2822,"date":"2023-06-24T16:21:06","date_gmt":"2023-06-24T15:21:06","guid":{"rendered":"http:\/\/svetaobitelj.hr\/?p=2822"},"modified":"2023-06-24T16:21:07","modified_gmt":"2023-06-24T15:21:07","slug":"zupne-obavijesti-12-nedjelja-kroz-godinu-5","status":"publish","type":"post","link":"http:\/\/svetaobitelj.hr\/?p=2822","title":{"rendered":"\u017dupne obavijesti: 12. nedjelja kroz godinu"},"content":{"rendered":"\n<p>Slavimo 12. nedjelju kroz godinu.<\/p>\n\n\n\n<p>U \u010detvrtak slavimo sv. Petra i Pavla, za\u0161titnike na\u0161ega grada Osijeka. Svete mise u na\u0161oj su \u017eupi u 7:30 i 18:30 sati. U Konkatedrali su svete mise u 6:30; 8:30; 10:00; 11:30; i sve\u010dana pontifikalna misa u 18:30 sati koju predslavi mons. Vjekoslav Huzjak, biskup Bjelovarsko &#8211; kri\u017eeva\u010dki.<\/p>\n\n\n\n<p>U subotu pod ve\u010dernjom svetom misom molimo za duhovna zvanja budu\u0107i da je prva subota u mjesecu.<\/p>\n\n\n\n<p>Sljede\u0107e nedjelje slavimo 13. nedjelju kroz godinu. Prva je nedjelja u mjesecu kada se svojim molitvama i nov\u010danim prilozima sje\u0107amo na\u0161ih sjemeni\u0161ta. Pod jutarnjom svetom misom molit \u0107emo za dobro\u010dinitelje na\u0161e crkve i samostana.<\/p>\n\n\n\n<p>U srpnju i kolovozu nedjeljne svete mise su u 7:00, 10:00 i 18:30 sati, a ne\u0107e biti svetih misa u 9:00 i u 11:00 sati.<\/p>\n\n\n\n<p>Zahvalni za va\u0161u pomo\u0107 kojom poma\u017eete obnovu na\u0161ih crkava i samostana nastradalih u potresima, preporu\u010damo se i nadalje va\u0161oj dobroti. Svoj nov\u010dani prilog mo\u017eete dati u posebno ozna\u010denu \u0161krabicu pri izlazu iz crkve ili u \u017eupni ured ili direktno uplatiti na ra\u010dun koji se nalazi na plakatu ili letku.<\/p>\n\n\n\n<p>Molimo sve vas koji jo\u0161 nemate \u017eupnu obiteljsku knji\u017eicu ili je potrebno upisati promjene u postoje\u0107e, da se javite u \u017eupni ured.<\/p>\n\n\n\n<p>Kupujte i \u010ditajte katoli\u010dki vjerski tisak.<\/p>\n","protected":false},"excerpt":{"rendered":"<p>Slavimo 12. nedjelju kroz godinu. U \u010detvrtak slavimo sv. Petra i Pavla, za\u0161titnike na\u0161ega grada Osijeka. Svete mise u na\u0161oj su \u017eupi u 7:30 i 18:30 sati. U Konkatedrali su svete mise u 6:30; 8:30; 10:00; 11:30; i sve\u010dana pontifikalna misa u 18:30 sati koju predslavi mons. Vjekoslav Huzjak, biskup Bjelovarsko &#8211; kri\u017eeva\u010dki. U subotu <a href=\"http:\/\/svetaobitelj.hr\/?p=2822\" class=\"more-link\">[&hellip;]<\/a><\/p>\n","protected":false},"author":2,"featured_media":0,"comment_status":"closed","ping_status":"open","sticky":false,"template":"","format":"standard","meta":{"footnotes":""},"categories":[3],"tags":[],"class_list":["entry","author-","post-2822","post","type-post","status-publish","format-standard","category-zupa"],"_links":{"self":[{"href":"http:\/\/svetaobitelj.hr\/index.php?rest_route=\/wp\/v2\/posts\/2822","targetHints":{"allow":["GET"]}}],"collection":[{"href":"http:\/\/svetaobitelj.hr\/index.php?rest_route=\/wp\/v2\/posts"}],"about":[{"href":"http:\/\/svetaobitelj.hr\/index.php?rest_route=\/wp\/v2\/types\/post"}],"author":[{"embeddable":true,"href":"http:\/\/svetaobitelj.hr\/index.php?rest_route=\/wp\/v2\/users\/2"}],"replies":[{"embeddable":true,"href":"http:\/\/svetaobitelj.hr\/index.php?rest_route=%2Fwp%2Fv2%2Fcomments&post=2822"}],"version-history":[{"count":1,"href":"http:\/\/svetaobitelj.hr\/index.php?rest_route=\/wp\/v2\/posts\/2822\/revisions"}],"predecessor-version":[{"id":2823,"href":"http:\/\/svetaobitelj.hr\/index.php?rest_route=\/wp\/v2\/posts\/2822\/revisions\/2823"}],"wp:attachment":[{"href":"http:\/\/svetaobitelj.hr\/index.php?rest_route=%2Fwp%2Fv2%2Fmedia&parent=2822"}],"wp:term":[{"taxonomy":"category","embeddable":true,"href":"http:\/\/svetaobitelj.hr\/index.php?rest_route=%2Fwp%2Fv2%2Fcategories&post=2822"},{"taxonomy":"post_tag","embeddable":true,"href":"http:\/\/svetaobitelj.hr\/index.php?rest_route=%2Fwp%2Fv2%2Ftags&post=2822"}],"curies":[{"name":"wp","href":"https:\/\/api.w.org\/{rel}","templated":true}]}}