{"id":2817,"date":"2023-06-21T08:55:12","date_gmt":"2023-06-21T07:55:12","guid":{"rendered":"https:\/\/svetaobitelj.hr\/?p=2817"},"modified":"2023-06-21T08:55:12","modified_gmt":"2023-06-21T07:55:12","slug":"caritas-in-veritate","status":"publish","type":"post","link":"http:\/\/svetaobitelj.hr\/?p=2817","title":{"rendered":"Caritas in veritate"},"content":{"rendered":"\n<div class=\"wp-block-image\"><figure class=\"aligncenter size-large\"><img loading=\"lazy\" decoding=\"async\" width=\"768\" height=\"1024\" src=\"https:\/\/svetaobitelj.hr\/wp-content\/uploads\/2023\/06\/IMG-45f280a4aeb3f159c957edb8f3995a6d-V-768x1024.jpg\" alt=\"\" class=\"wp-image-2818\" srcset=\"http:\/\/svetaobitelj.hr\/wp-content\/uploads\/2023\/06\/IMG-45f280a4aeb3f159c957edb8f3995a6d-V-768x1024.jpg 768w, http:\/\/svetaobitelj.hr\/wp-content\/uploads\/2023\/06\/IMG-45f280a4aeb3f159c957edb8f3995a6d-V-225x300.jpg 225w, http:\/\/svetaobitelj.hr\/wp-content\/uploads\/2023\/06\/IMG-45f280a4aeb3f159c957edb8f3995a6d-V-1152x1536.jpg 1152w, http:\/\/svetaobitelj.hr\/wp-content\/uploads\/2023\/06\/IMG-45f280a4aeb3f159c957edb8f3995a6d-V.jpg 1200w\" sizes=\"auto, (max-width: 768px) 100vw, 768px\" \/><\/figure><\/div>\n\n\n\n<p>U subotu,17. lipnja 2023. godine odr\u017ean je nadbiskupijski seminar za djelatnike, animatore, suradnike \u017eupnih karitativnih skupina i \u010dlanove odbora za caritas pri \u017eupnim pastoralnim vije\u0107ima s temom \u201eCaritas in veritate\u201c, a na kojem su sudjelovali i predstavnici na\u0161e \u017eupe. Predava\u010d na seminaru bio je vl\u010d. Leon Noudeviwa Sagbohan, \u017eupnik \u017eupe Ku\u0161evac.<\/p>\n\n\n\n<div class=\"wp-block-image\"><figure class=\"aligncenter size-large\"><img loading=\"lazy\" decoding=\"async\" width=\"1024\" height=\"768\" src=\"https:\/\/svetaobitelj.hr\/wp-content\/uploads\/2023\/06\/IMG-b8f14f321da8336cd5e50871e9c82d6a-V-1024x768.jpg\" alt=\"\" class=\"wp-image-2819\" srcset=\"http:\/\/svetaobitelj.hr\/wp-content\/uploads\/2023\/06\/IMG-b8f14f321da8336cd5e50871e9c82d6a-V-1024x768.jpg 1024w, http:\/\/svetaobitelj.hr\/wp-content\/uploads\/2023\/06\/IMG-b8f14f321da8336cd5e50871e9c82d6a-V-300x225.jpg 300w, http:\/\/svetaobitelj.hr\/wp-content\/uploads\/2023\/06\/IMG-b8f14f321da8336cd5e50871e9c82d6a-V-768x576.jpg 768w, http:\/\/svetaobitelj.hr\/wp-content\/uploads\/2023\/06\/IMG-b8f14f321da8336cd5e50871e9c82d6a-V-1536x1152.jpg 1536w, http:\/\/svetaobitelj.hr\/wp-content\/uploads\/2023\/06\/IMG-b8f14f321da8336cd5e50871e9c82d6a-V.jpg 1600w\" sizes=\"auto, (max-width: 1024px) 100vw, 1024px\" \/><\/figure><\/div>\n","protected":false},"excerpt":{"rendered":"<p>U subotu,17. lipnja 2023. godine odr\u017ean je nadbiskupijski seminar za djelatnike, animatore, suradnike \u017eupnih karitativnih skupina i \u010dlanove odbora za caritas pri \u017eupnim pastoralnim vije\u0107ima s temom \u201eCaritas in veritate\u201c, a na kojem su sudjelovali i predstavnici na\u0161e \u017eupe. Predava\u010d na seminaru bio je vl\u010d. Leon Noudeviwa Sagbohan, \u017eupnik \u017eupe Ku\u0161evac.<\/p>\n","protected":false},"author":2,"featured_media":0,"comment_status":"closed","ping_status":"open","sticky":false,"template":"","format":"standard","meta":{"footnotes":""},"categories":[3],"tags":[],"class_list":["entry","author-","post-2817","post","type-post","status-publish","format-standard","category-zupa"],"_links":{"self":[{"href":"http:\/\/svetaobitelj.hr\/index.php?rest_route=\/wp\/v2\/posts\/2817","targetHints":{"allow":["GET"]}}],"collection":[{"href":"http:\/\/svetaobitelj.hr\/index.php?rest_route=\/wp\/v2\/posts"}],"about":[{"href":"http:\/\/svetaobitelj.hr\/index.php?rest_route=\/wp\/v2\/types\/post"}],"author":[{"embeddable":true,"href":"http:\/\/svetaobitelj.hr\/index.php?rest_route=\/wp\/v2\/users\/2"}],"replies":[{"embeddable":true,"href":"http:\/\/svetaobitelj.hr\/index.php?rest_route=%2Fwp%2Fv2%2Fcomments&post=2817"}],"version-history":[{"count":2,"href":"http:\/\/svetaobitelj.hr\/index.php?rest_route=\/wp\/v2\/posts\/2817\/revisions"}],"predecessor-version":[{"id":2821,"href":"http:\/\/svetaobitelj.hr\/index.php?rest_route=\/wp\/v2\/posts\/2817\/revisions\/2821"}],"wp:attachment":[{"href":"http:\/\/svetaobitelj.hr\/index.php?rest_route=%2Fwp%2Fv2%2Fmedia&parent=2817"}],"wp:term":[{"taxonomy":"category","embeddable":true,"href":"http:\/\/svetaobitelj.hr\/index.php?rest_route=%2Fwp%2Fv2%2Fcategories&post=2817"},{"taxonomy":"post_tag","embeddable":true,"href":"http:\/\/svetaobitelj.hr\/index.php?rest_route=%2Fwp%2Fv2%2Ftags&post=2817"}],"curies":[{"name":"wp","href":"https:\/\/api.w.org\/{rel}","templated":true}]}}