{"id":2801,"date":"2023-06-10T09:07:46","date_gmt":"2023-06-10T08:07:46","guid":{"rendered":"http:\/\/svetaobitelj.hr\/?p=2801"},"modified":"2023-06-10T09:07:47","modified_gmt":"2023-06-10T08:07:47","slug":"zupne-obavijesti-10-nedjelja-kroz-godinu-3","status":"publish","type":"post","link":"http:\/\/svetaobitelj.hr\/?p=2801","title":{"rendered":"\u017dupne obavijesti: 10. nedjelja kroz godinu"},"content":{"rendered":"\n<p>Slavimo 10. nedjelju kroz godinu. Redoviti mjese\u010dni susret Mjesnoga bratstva OFS-a je u 16:30 sati.<\/p>\n\n\n\n<p>Na oglasnoj plo\u010di imate plakat za proslavu sv. Antuna Padovanskog u franjeva\u010dkoj crkvi u Tvr\u0111i. Na sam dan, 13. lipnja, ne\u0107e biti svetih misa u na\u0161oj \u017eupnoj crkvi.<\/p>\n\n\n\n<p>U srijedu je nakon ve\u010dernje svete mise susret \u010dlanova udruge Vojske Bezgre\u0161ne.<\/p>\n\n\n\n<p>U petak slavimo Presveto Srce Isusovo. Svete mise u na\u0161oj \u017eupi su u 7:30 i 18:30 sati. Raspored svetih misa u Rezidenciji Dru\u017ebe Isusove u Osijeku imate na plakatu na oglasnoj plo\u010di.<\/p>\n\n\n\n<p>U subotu slavimo Bezgrje\u0161no Srce Marijino. Svete mise su u 7:30 i 18:30 sati.<\/p>\n\n\n\n<p>Sljede\u0107e nedjelje slavimo 11. nedjelju kroz godinu, a u Duhovnom centru na Ov\u010dari \u2013 u Sveti\u0161tu Bo\u017ejeg milosr\u0111a, bit \u0107e proslava svete Faustine. Vi\u0161e o toj proslavi imate na plakatu na oglasnoj plo\u010di.<\/p>\n\n\n\n<p>Zahvalni za va\u0161u pomo\u0107 kojom poma\u017eete obnovu na\u0161ih crkava i samostana nastradalih u potresima, preporu\u010damo se i nadalje va\u0161oj dobroti. Svoj nov\u010dani prilog mo\u017eete dati u posebno ozna\u010denu \u0161krabicu pri izlazu iz crkve ili u \u017eupni ured ili direktno uplatiti na ra\u010dun koji se nalazi na plakatu ili letku.<\/p>\n\n\n\n<p>U srpnju i kolovozu nedjeljne svete mise su u 7:00, 10:00 i 18:30 sati, a ne\u0107e biti svetih misa u 9:00 i u 11:00 sati.<\/p>\n\n\n\n<p>Molimo sve vas koji jo\u0161 nemate \u017eupnu obiteljsku knji\u017eicu ili je potrebno upisati promjene u postoje\u0107e, da se javite u \u017eupni ured.<\/p>\n\n\n\n<p><br>Kupujte i \u010ditajte katoli\u010dki vjerski tisak.<\/p>\n","protected":false},"excerpt":{"rendered":"<p>Slavimo 10. nedjelju kroz godinu. Redoviti mjese\u010dni susret Mjesnoga bratstva OFS-a je u 16:30 sati. Na oglasnoj plo\u010di imate plakat za proslavu sv. Antuna Padovanskog u franjeva\u010dkoj crkvi u Tvr\u0111i. Na sam dan, 13. lipnja, ne\u0107e biti svetih misa u na\u0161oj \u017eupnoj crkvi. U srijedu je nakon ve\u010dernje svete mise susret \u010dlanova udruge Vojske Bezgre\u0161ne. <a href=\"http:\/\/svetaobitelj.hr\/?p=2801\" class=\"more-link\">[&hellip;]<\/a><\/p>\n","protected":false},"author":2,"featured_media":0,"comment_status":"closed","ping_status":"open","sticky":false,"template":"","format":"standard","meta":{"footnotes":""},"categories":[3],"tags":[],"class_list":["entry","author-","post-2801","post","type-post","status-publish","format-standard","category-zupa"],"_links":{"self":[{"href":"http:\/\/svetaobitelj.hr\/index.php?rest_route=\/wp\/v2\/posts\/2801","targetHints":{"allow":["GET"]}}],"collection":[{"href":"http:\/\/svetaobitelj.hr\/index.php?rest_route=\/wp\/v2\/posts"}],"about":[{"href":"http:\/\/svetaobitelj.hr\/index.php?rest_route=\/wp\/v2\/types\/post"}],"author":[{"embeddable":true,"href":"http:\/\/svetaobitelj.hr\/index.php?rest_route=\/wp\/v2\/users\/2"}],"replies":[{"embeddable":true,"href":"http:\/\/svetaobitelj.hr\/index.php?rest_route=%2Fwp%2Fv2%2Fcomments&post=2801"}],"version-history":[{"count":1,"href":"http:\/\/svetaobitelj.hr\/index.php?rest_route=\/wp\/v2\/posts\/2801\/revisions"}],"predecessor-version":[{"id":2802,"href":"http:\/\/svetaobitelj.hr\/index.php?rest_route=\/wp\/v2\/posts\/2801\/revisions\/2802"}],"wp:attachment":[{"href":"http:\/\/svetaobitelj.hr\/index.php?rest_route=%2Fwp%2Fv2%2Fmedia&parent=2801"}],"wp:term":[{"taxonomy":"category","embeddable":true,"href":"http:\/\/svetaobitelj.hr\/index.php?rest_route=%2Fwp%2Fv2%2Fcategories&post=2801"},{"taxonomy":"post_tag","embeddable":true,"href":"http:\/\/svetaobitelj.hr\/index.php?rest_route=%2Fwp%2Fv2%2Ftags&post=2801"}],"curies":[{"name":"wp","href":"https:\/\/api.w.org\/{rel}","templated":true}]}}