{"id":2797,"date":"2023-06-02T07:51:54","date_gmt":"2023-06-02T06:51:54","guid":{"rendered":"https:\/\/svetaobitelj.hr\/?p=2797"},"modified":"2023-06-02T07:51:54","modified_gmt":"2023-06-02T06:51:54","slug":"zupne-obavijesti-presveto-trojstvo-6","status":"publish","type":"post","link":"http:\/\/svetaobitelj.hr\/?p=2797","title":{"rendered":"\u017dupne obavijesti: Presveto Trojstvo"},"content":{"rendered":"\n<p>Slavimo Presveto Trojstvo. Prva je nedjelja u mjesecu kada svojim molitvama i nov\u010danim prilozima poma\u017eemo radu na\u0161ih sjemeni\u0161ta te molimo za duhovna zvanja. Svoj nov\u010dani prilog mo\u017eete dati na izlazu iz crkve.<\/p>\n\n\n\n<p>U utorak zavr\u0161ava pobo\u017enost 13 utoraka na \u010dast sv. Antunu Padovanskom u 18:15 sati.<\/p>\n\n\n\n<p>U \u010detvrtak slavimo zapovijedanu svetkovinu Presvetoga Tijela i Krvi Kristove \u2013 Tijelovo. Svete mise su po nedjeljnom rasporedu, a procesiju oko crkve imat \u0107emo nakon ve\u010dernje svete mise.<\/p>\n\n\n\n<p>U petak je u 18:15 pobo\u017enost na \u010dast bl. Marije Petkovi\u0107. <\/p>\n\n\n\n<p>U subotu, 10. lipnja, bit \u0107e u \u0160umanovcima Nadbiskupijski susret osoba s invaliditetom i \u010dlanova njihovih obitelji s po\u010detkom u 10:00 sati.<\/p>\n\n\n\n<p>Sljede\u0107e nedjelje slavimo 10. nedjelju kroz godinu. Redoviti mjese\u010dni susret Mjesnoga bratstva OFS-a bit \u0107e u 16:30 sati.<\/p>\n\n\n\n<p>Na oglasnoj plo\u010di imate plakat za proslavu sv. Antuna Padovanskog u franjeva\u010dkoj crkvi u Tvr\u0111i. Na sam dan, 13. lipnja, ne\u0107e biti svetih misa u na\u0161oj \u017eupnoj crkvi.<\/p>\n\n\n\n<p>U Duhovnom centru na Ov\u010dari \u2013 u Sveti\u0161tu Bo\u017ejeg milosr\u0111a, 18. lipnja ove godine bit \u0107e proslava svete Faustine. Vi\u0161e o toj proslavi imate na plakatu na oglasnoj plo\u010di.<\/p>\n\n\n\n<p>Zahvalni za va\u0161u pomo\u0107 kojom poma\u017eete obnovu na\u0161ih crkava i samostana nastradalih u potresima, preporu\u010damo se i nadalje va\u0161oj dobroti. Svoj nov\u010dani prilog mo\u017eete dati u posebno ozna\u010denu \u0161krabicu pri izlazu iz crkve ili u \u017eupni ured ili direktno uplatiti na ra\u010dun koji se nalazi na plakatu ili letku.<\/p>\n\n\n\n<p>Molimo sve vas koji jo\u0161 nemate \u017eupnu obiteljsku knji\u017eicu ili je potrebno upisati promjene u postoje\u0107e, da se javite u \u017eupni ured.<\/p>\n\n\n\n<p>Kupujte i \u010ditajte katoli\u010dki vjerski tisak.<\/p>\n","protected":false},"excerpt":{"rendered":"<p>Slavimo Presveto Trojstvo. Prva je nedjelja u mjesecu kada svojim molitvama i nov\u010danim prilozima poma\u017eemo radu na\u0161ih sjemeni\u0161ta te molimo za duhovna zvanja. Svoj nov\u010dani prilog mo\u017eete dati na izlazu iz crkve. U utorak zavr\u0161ava pobo\u017enost 13 utoraka na \u010dast sv. Antunu Padovanskom u 18:15 sati. U \u010detvrtak slavimo zapovijedanu svetkovinu Presvetoga Tijela i Krvi <a href=\"http:\/\/svetaobitelj.hr\/?p=2797\" class=\"more-link\">[&hellip;]<\/a><\/p>\n","protected":false},"author":2,"featured_media":0,"comment_status":"closed","ping_status":"open","sticky":false,"template":"","format":"standard","meta":{"footnotes":""},"categories":[3],"tags":[],"class_list":["entry","author-","post-2797","post","type-post","status-publish","format-standard","category-zupa"],"_links":{"self":[{"href":"http:\/\/svetaobitelj.hr\/index.php?rest_route=\/wp\/v2\/posts\/2797","targetHints":{"allow":["GET"]}}],"collection":[{"href":"http:\/\/svetaobitelj.hr\/index.php?rest_route=\/wp\/v2\/posts"}],"about":[{"href":"http:\/\/svetaobitelj.hr\/index.php?rest_route=\/wp\/v2\/types\/post"}],"author":[{"embeddable":true,"href":"http:\/\/svetaobitelj.hr\/index.php?rest_route=\/wp\/v2\/users\/2"}],"replies":[{"embeddable":true,"href":"http:\/\/svetaobitelj.hr\/index.php?rest_route=%2Fwp%2Fv2%2Fcomments&post=2797"}],"version-history":[{"count":1,"href":"http:\/\/svetaobitelj.hr\/index.php?rest_route=\/wp\/v2\/posts\/2797\/revisions"}],"predecessor-version":[{"id":2798,"href":"http:\/\/svetaobitelj.hr\/index.php?rest_route=\/wp\/v2\/posts\/2797\/revisions\/2798"}],"wp:attachment":[{"href":"http:\/\/svetaobitelj.hr\/index.php?rest_route=%2Fwp%2Fv2%2Fmedia&parent=2797"}],"wp:term":[{"taxonomy":"category","embeddable":true,"href":"http:\/\/svetaobitelj.hr\/index.php?rest_route=%2Fwp%2Fv2%2Fcategories&post=2797"},{"taxonomy":"post_tag","embeddable":true,"href":"http:\/\/svetaobitelj.hr\/index.php?rest_route=%2Fwp%2Fv2%2Ftags&post=2797"}],"curies":[{"name":"wp","href":"https:\/\/api.w.org\/{rel}","templated":true}]}}