{"id":2784,"date":"2023-05-30T12:17:19","date_gmt":"2023-05-30T11:17:19","guid":{"rendered":"http:\/\/svetaobitelj.hr\/?p=2784"},"modified":"2023-05-31T07:55:04","modified_gmt":"2023-05-31T06:55:04","slug":"dan-drzavnosti-i-dan-gradske-cetvrti","status":"publish","type":"post","link":"http:\/\/svetaobitelj.hr\/?p=2784","title":{"rendered":"Dan dr\u017eavnosti i Dan Gradske \u010detvrti"},"content":{"rendered":"\n<figure class=\"wp-block-gallery columns-1 is-cropped wp-block-gallery-1 is-layout-flex wp-block-gallery-is-layout-flex\"><ul class=\"blocks-gallery-grid\"><li class=\"blocks-gallery-item\"><figure><img loading=\"lazy\" decoding=\"async\" width=\"1024\" height=\"768\" src=\"http:\/\/svetaobitelj.hr\/wp-content\/uploads\/2023\/05\/FB_IMG_1685444111322-1024x768.jpg\" alt=\"\" data-id=\"2785\" data-full-url=\"http:\/\/svetaobitelj.hr\/wp-content\/uploads\/2023\/05\/FB_IMG_1685444111322.jpg\" data-link=\"http:\/\/svetaobitelj.hr\/?attachment_id=2785\" class=\"wp-image-2785\" srcset=\"http:\/\/svetaobitelj.hr\/wp-content\/uploads\/2023\/05\/FB_IMG_1685444111322-1024x768.jpg 1024w, http:\/\/svetaobitelj.hr\/wp-content\/uploads\/2023\/05\/FB_IMG_1685444111322-300x225.jpg 300w, http:\/\/svetaobitelj.hr\/wp-content\/uploads\/2023\/05\/FB_IMG_1685444111322-768x576.jpg 768w, http:\/\/svetaobitelj.hr\/wp-content\/uploads\/2023\/05\/FB_IMG_1685444111322.jpg 1080w\" sizes=\"auto, (max-width: 1024px) 100vw, 1024px\" \/><\/figure><\/li><\/ul><\/figure>\n\n\n\n<p>Sretan i blagoslovljen Dan dr\u017eavnosti na\u0161e Hrvatske i Dan Gradske \u010detvrti Jug 2. Neka Gospodin \u010duva na\u0161e svetinje, na\u0161 narod, na\u0161u ljubljenu domovinu, na\u0161e branitelje i naravno na\u0161 Jug 2. Sretni smo zbog novog hrvatskog barjaka koji ponosno vijori na ulazu u na\u0161u \u017eupu, i neka to bude prepoznatljiv znak da Jugovci nikada ne zaboravljaju ogromnu \u017ertvu onih koji su za dom i narod pali.<\/p>\n","protected":false},"excerpt":{"rendered":"<p>Sretan i blagoslovljen Dan dr\u017eavnosti na\u0161e Hrvatske i Dan Gradske \u010detvrti Jug 2. Neka Gospodin \u010duva na\u0161e svetinje, na\u0161 narod, na\u0161u ljubljenu domovinu, na\u0161e branitelje i naravno na\u0161 Jug 2. Sretni smo zbog novog hrvatskog barjaka koji ponosno vijori na ulazu u na\u0161u \u017eupu, i neka to bude prepoznatljiv znak da Jugovci nikada ne zaboravljaju <a href=\"http:\/\/svetaobitelj.hr\/?p=2784\" class=\"more-link\">[&hellip;]<\/a><\/p>\n","protected":false},"author":2,"featured_media":0,"comment_status":"closed","ping_status":"open","sticky":false,"template":"","format":"standard","meta":{"footnotes":""},"categories":[3],"tags":[],"class_list":["entry","author-","post-2784","post","type-post","status-publish","format-standard","category-zupa"],"_links":{"self":[{"href":"http:\/\/svetaobitelj.hr\/index.php?rest_route=\/wp\/v2\/posts\/2784","targetHints":{"allow":["GET"]}}],"collection":[{"href":"http:\/\/svetaobitelj.hr\/index.php?rest_route=\/wp\/v2\/posts"}],"about":[{"href":"http:\/\/svetaobitelj.hr\/index.php?rest_route=\/wp\/v2\/types\/post"}],"author":[{"embeddable":true,"href":"http:\/\/svetaobitelj.hr\/index.php?rest_route=\/wp\/v2\/users\/2"}],"replies":[{"embeddable":true,"href":"http:\/\/svetaobitelj.hr\/index.php?rest_route=%2Fwp%2Fv2%2Fcomments&post=2784"}],"version-history":[{"count":2,"href":"http:\/\/svetaobitelj.hr\/index.php?rest_route=\/wp\/v2\/posts\/2784\/revisions"}],"predecessor-version":[{"id":2787,"href":"http:\/\/svetaobitelj.hr\/index.php?rest_route=\/wp\/v2\/posts\/2784\/revisions\/2787"}],"wp:attachment":[{"href":"http:\/\/svetaobitelj.hr\/index.php?rest_route=%2Fwp%2Fv2%2Fmedia&parent=2784"}],"wp:term":[{"taxonomy":"category","embeddable":true,"href":"http:\/\/svetaobitelj.hr\/index.php?rest_route=%2Fwp%2Fv2%2Fcategories&post=2784"},{"taxonomy":"post_tag","embeddable":true,"href":"http:\/\/svetaobitelj.hr\/index.php?rest_route=%2Fwp%2Fv2%2Ftags&post=2784"}],"curies":[{"name":"wp","href":"https:\/\/api.w.org\/{rel}","templated":true}]}}