{"id":2780,"date":"2023-05-26T08:26:44","date_gmt":"2023-05-26T07:26:44","guid":{"rendered":"https:\/\/svetaobitelj.hr\/?p=2780"},"modified":"2023-05-26T08:26:44","modified_gmt":"2023-05-26T07:26:44","slug":"zupne-obavijesti-nedjelja-pedesetnice-duhovi-2","status":"publish","type":"post","link":"http:\/\/svetaobitelj.hr\/?p=2780","title":{"rendered":"\u017dupne obavijesti: Nedjelja Pedesetnice \u2013 Duhovi"},"content":{"rendered":"\n<p>Slavimo Nedjelju Pedesetnice \u2013 Duhove. Zavr\u0161ava Vazmeni ciklus u liturgijskoj ili crkvenoj godini, a nastavlja se Vrijeme kroz godinu. <\/p>\n\n\n\n<p>Na vlastiti zahtjev te zbog osobnih razloga g\u0111a Adrijana Leko nije vi\u0161e \u010dlan \u017dupnoga pastoralnog vije\u0107a. Nova vije\u0107nica je g\u0111a Nikolina Janc dopu\u0161tenjem Nadbiskupskog ordinarijata iz \u0110akova koja \u0107e danas prisegnuti pod svetom misom u 9:00 sati prema Pravilniku na\u0161e Nadbiskupije za \u017eupna pastoralna vije\u0107a.<\/p>\n\n\n\n<p>Sutra je biblijski sat nakon ve\u010dernje svete mise.<\/p>\n\n\n\n<p>U utorak slavimo Dan dr\u017eavnosti i Dan gradske \u010detvrti Jug II. Pobo\u017enost na \u010dast sv. Antunu Padovanskom je u 18:15 sati, a sveta misa za Domovinu je u 18:30 sati. Molit \u0107emo i za na\u0161u gradsku \u010detvrt Jug II.<\/p>\n\n\n\n<p>U srijedu, na blagdan Poho\u0111enja Bla\u017eene Djevice Marije, 31. svibnja, bit \u0107e Hodo\u010da\u0161\u0107e obitelji osje\u010dkih dekanata aljma\u0161koj Gospi od Uto\u010di\u0161ta. Slavlje svete mise u sveti\u0161tu zapo\u010dinje u 19:00 sati, a nakon mise bila bi procesija do Gospe pod Lipom gdje bi bio zavr\u0161etak marijanskom pobo\u017eno\u0161\u0107u. <\/p>\n\n\n\n<p>U \u010detvrtak slavimo godi\u0161njicu posvete na\u0161e \u017eupne crkve. Crkva je posve\u0107ena 1. lipnja 2008. godine. Svete mise su u 7:30 i 18:30 sati. Nakon ve\u010dernje svete mise bit \u0107e klanjanje pred Presvetim. <\/p>\n\n\n\n<p>U subotu \u0107emo pod ve\u010dernjom svetom misom moliti za duhovna zvanja budu\u0107i da je prva subota u mjesecu.<\/p>\n\n\n\n<p>Sljede\u0107e nedjelje slavimo Presveto Trojstvo. Prva je nedjelja u mjesecu kada svojim molitvama i nov\u010danim prilozima poma\u017eemo radu na\u0161ih sjemeni\u0161ta te molimo za duhovna zvanja. Pod jutarnjom svetom misom molit \u0107emo za dobro\u010dinitelje ove na\u0161e crkve i samostana.<\/p>\n\n\n\n<p>Tako\u0111er u nedjelju, 4. lipnja, u crkvi Preslavnoga Imena Marijina u Osijeku, nakon ve\u010dernje svete mise koja zapo\u010dinje u 18:30 sati, bit \u0107e predavanje o Trajnom euharistijskom klanjanju koje \u0107e odr\u017eati Nada Burum, promotorica Trajnog euharistijskog klanjanja. Ovime zapo\u010dinju pripreme za uspostavu ove pobo\u017enosti u Osijeku, u kapeli Gospe Snje\u017ene.<\/p>\n\n\n\n<p>U subotu, 10. lipnja, bit \u0107e u \u0160umanovcima Nadbiskupijski susret osoba s invaliditetom i \u010dlanova njihovih obitelji s po\u010detkom u 10:00 sati.<\/p>\n\n\n\n<p>Na oglasnoj plo\u010di imate plakat za proslavu sv. Antuna Padovanskog u franjeva\u010dkoj crkvi u Tvr\u0111i. Na sam dan, 13. lipnja, ne\u0107e biti svetih misa u na\u0161oj \u017eupnoj crkvi.<\/p>\n\n\n\n<p>Zahvalni za va\u0161u pomo\u0107 kojom poma\u017eete obnovu na\u0161ih crkava i samostana nastradalih u potresima, preporu\u010damo se i nadalje va\u0161oj dobroti. Svoj nov\u010dani prilog mo\u017eete dati u posebno ozna\u010denu \u0161krabicu pri izlazu iz crkve ili u \u017eupni ured ili direktno uplatiti na ra\u010dun koji se nalazi na plakatu ili letku.<\/p>\n\n\n\n<p>Molimo sve vas koji jo\u0161 nemate \u017eupnu obiteljsku knji\u017eicu ili je potrebno upisati promjene u postoje\u0107e, da se javite u \u017eupni ured.<\/p>\n\n\n\n<p>Kupujte i \u010ditajte katoli\u010dki vjerski tisak.<\/p>\n","protected":false},"excerpt":{"rendered":"<p>Slavimo Nedjelju Pedesetnice \u2013 Duhove. Zavr\u0161ava Vazmeni ciklus u liturgijskoj ili crkvenoj godini, a nastavlja se Vrijeme kroz godinu. Na vlastiti zahtjev te zbog osobnih razloga g\u0111a Adrijana Leko nije vi\u0161e \u010dlan \u017dupnoga pastoralnog vije\u0107a. Nova vije\u0107nica je g\u0111a Nikolina Janc dopu\u0161tenjem Nadbiskupskog ordinarijata iz \u0110akova koja \u0107e danas prisegnuti pod svetom misom u 9:00 <a href=\"http:\/\/svetaobitelj.hr\/?p=2780\" class=\"more-link\">[&hellip;]<\/a><\/p>\n","protected":false},"author":2,"featured_media":0,"comment_status":"closed","ping_status":"open","sticky":false,"template":"","format":"standard","meta":{"footnotes":""},"categories":[3],"tags":[],"class_list":["entry","author-","post-2780","post","type-post","status-publish","format-standard","category-zupa"],"_links":{"self":[{"href":"http:\/\/svetaobitelj.hr\/index.php?rest_route=\/wp\/v2\/posts\/2780","targetHints":{"allow":["GET"]}}],"collection":[{"href":"http:\/\/svetaobitelj.hr\/index.php?rest_route=\/wp\/v2\/posts"}],"about":[{"href":"http:\/\/svetaobitelj.hr\/index.php?rest_route=\/wp\/v2\/types\/post"}],"author":[{"embeddable":true,"href":"http:\/\/svetaobitelj.hr\/index.php?rest_route=\/wp\/v2\/users\/2"}],"replies":[{"embeddable":true,"href":"http:\/\/svetaobitelj.hr\/index.php?rest_route=%2Fwp%2Fv2%2Fcomments&post=2780"}],"version-history":[{"count":2,"href":"http:\/\/svetaobitelj.hr\/index.php?rest_route=\/wp\/v2\/posts\/2780\/revisions"}],"predecessor-version":[{"id":2782,"href":"http:\/\/svetaobitelj.hr\/index.php?rest_route=\/wp\/v2\/posts\/2780\/revisions\/2782"}],"wp:attachment":[{"href":"http:\/\/svetaobitelj.hr\/index.php?rest_route=%2Fwp%2Fv2%2Fmedia&parent=2780"}],"wp:term":[{"taxonomy":"category","embeddable":true,"href":"http:\/\/svetaobitelj.hr\/index.php?rest_route=%2Fwp%2Fv2%2Fcategories&post=2780"},{"taxonomy":"post_tag","embeddable":true,"href":"http:\/\/svetaobitelj.hr\/index.php?rest_route=%2Fwp%2Fv2%2Ftags&post=2780"}],"curies":[{"name":"wp","href":"https:\/\/api.w.org\/{rel}","templated":true}]}}