{"id":2776,"date":"2023-05-19T11:15:09","date_gmt":"2023-05-19T10:15:09","guid":{"rendered":"https:\/\/svetaobitelj.hr\/?p=2776"},"modified":"2023-05-19T11:15:09","modified_gmt":"2023-05-19T10:15:09","slug":"zupne-obavijesti-7-vazmena-nedjelja-5","status":"publish","type":"post","link":"http:\/\/svetaobitelj.hr\/?p=2776","title":{"rendered":"\u017dupne obavijesti: 7. vazmena nedjelja"},"content":{"rendered":"\n<p>Slavimo sedmu vazmenu nedjelju.<\/p>\n\n\n\n<p>Fra Ivan Ivankovi\u0107 razrije\u0161en je slu\u017ebe \u017eupnog vikara u na\u0161oj \u017eupi zbog daljnje izobrazbe na poslijediplomskom studiju kanonskoga prava na Papinskom sveu\u010dili\u0161tu Antonianum u Rimu. Zahvalni smo za njegovo djelovanje u na\u0161oj \u017eupnoj zajednici i neka ga Gospodin blagoslovi u njegovom daljnjem franjeva\u010dkom i sve\u0107eni\u010dkom djelovanju.<\/p>\n\n\n\n<p>Sutra je biblijski sat nakon ve\u010dernje svete mise.<\/p>\n\n\n\n<p>Pobo\u017enost na \u010dast sv. Antunu Padovanskom je u utorak u 18:15 sati. (Svibanjska pobo\u017enost je je prije toga)<\/p>\n\n\n\n<p>U petak je u 13:00 sati sveta misa povodom 50. godi\u0161njice O\u0160 \u201eTin Ujevi\u0107\u201c.<\/p>\n\n\n\n<p>U subotu, 27. svibnja ove godine, bit \u0107e prezbitersko re\u0111enje u Zagrebu, u \u017eupnoj crkvi sv. Ivana XXIII, pape, u zagreba\u010dkoj Dubravi s po\u010detkom u 10:00 sati. Me\u0111u ostalim re\u0111enicima bit \u0107e i trojica na\u0161e bra\u0107e iz Hrvatske franjeva\u010dke provincije sv. \u0106irila i Metoda: fra Ivica Beri\u0161i\u0107 iz Zagreba, fra Ivan Maji\u0107 iz Ka\u0161tel Luk\u0161i\u0107a i fra Marijan Ligenza iz Ru\u0161eva. <\/p>\n\n\n\n<p>Tako\u0111er u subotu, s po\u010detkom u 19:00 sati ispred Konkatedrale u Osijeku, zapo\u010det \u0107e Duhovsko bdijenje u organizaciji Ureda za pastoral mladih \u0110akova\u010dko-osje\u010dke nadbiskupije. \u017delja je da mladi iz \u010ditave na\u0161e nadbiskupije zajedno mole i slave Boga uo\u010di blagdana Duhova. Zavr\u0161etak slavlja predvi\u0111en je oko 22:00 sata.<\/p>\n\n\n\n<p>Sljede\u0107e nedjelje slavimo Nedjelju Pedesetnice \u2013 Duhove, \u010dime zavr\u0161ava vazmeni ciklus u liturgijskoj ili crkvenoj godini, a nastavlja se Vrijeme kroz godinu.<\/p>\n\n\n\n<p>Na blagdan Poho\u0111enja Bla\u017eene Djevice Marije, 31. svibnja, bit \u0107e Hodo\u010da\u0161\u0107e obitelji osje\u010dkih dekanata aljma\u0161koj Gospi od Uto\u010di\u0161ta. Slavlje svete mise u sveti\u0161tu zapo\u010dinje u 19:00 sati, a nakon mise bila bi procesija do Gospe pod Lipom gdje bi bio zavr\u0161etak marijanskom pobo\u017eno\u0161\u0107u. Svetu misu predvodit \u0107e pre\u010d. dr. Davor Vukovi\u0107, predstojnik Instituta Ivan Pavao II.<\/p>\n\n\n\n<p>Zahvalni za va\u0161u pomo\u0107 kojom poma\u017eete obnovu na\u0161ih crkava i samostana nastradalih u potresima, preporu\u010damo se i nadalje va\u0161oj dobroti. <\/p>\n\n\n\n<p>Molimo sve vas koji jo\u0161 nemate \u017eupnu obiteljsku knji\u017eicu ili je potrebno upisati promjene u postoje\u0107e, da se javite u \u017eupni ured.<\/p>\n\n\n\n<p>Kupujte i \u010ditajte katoli\u010dki vjerski tisak.<\/p>\n","protected":false},"excerpt":{"rendered":"<p>Slavimo sedmu vazmenu nedjelju. Fra Ivan Ivankovi\u0107 razrije\u0161en je slu\u017ebe \u017eupnog vikara u na\u0161oj \u017eupi zbog daljnje izobrazbe na poslijediplomskom studiju kanonskoga prava na Papinskom sveu\u010dili\u0161tu Antonianum u Rimu. Zahvalni smo za njegovo djelovanje u na\u0161oj \u017eupnoj zajednici i neka ga Gospodin blagoslovi u njegovom daljnjem franjeva\u010dkom i sve\u0107eni\u010dkom djelovanju. Sutra je biblijski sat nakon <a href=\"http:\/\/svetaobitelj.hr\/?p=2776\" class=\"more-link\">[&hellip;]<\/a><\/p>\n","protected":false},"author":2,"featured_media":0,"comment_status":"closed","ping_status":"open","sticky":false,"template":"","format":"standard","meta":{"footnotes":""},"categories":[3],"tags":[],"class_list":["entry","author-","post-2776","post","type-post","status-publish","format-standard","category-zupa"],"_links":{"self":[{"href":"http:\/\/svetaobitelj.hr\/index.php?rest_route=\/wp\/v2\/posts\/2776","targetHints":{"allow":["GET"]}}],"collection":[{"href":"http:\/\/svetaobitelj.hr\/index.php?rest_route=\/wp\/v2\/posts"}],"about":[{"href":"http:\/\/svetaobitelj.hr\/index.php?rest_route=\/wp\/v2\/types\/post"}],"author":[{"embeddable":true,"href":"http:\/\/svetaobitelj.hr\/index.php?rest_route=\/wp\/v2\/users\/2"}],"replies":[{"embeddable":true,"href":"http:\/\/svetaobitelj.hr\/index.php?rest_route=%2Fwp%2Fv2%2Fcomments&post=2776"}],"version-history":[{"count":1,"href":"http:\/\/svetaobitelj.hr\/index.php?rest_route=\/wp\/v2\/posts\/2776\/revisions"}],"predecessor-version":[{"id":2777,"href":"http:\/\/svetaobitelj.hr\/index.php?rest_route=\/wp\/v2\/posts\/2776\/revisions\/2777"}],"wp:attachment":[{"href":"http:\/\/svetaobitelj.hr\/index.php?rest_route=%2Fwp%2Fv2%2Fmedia&parent=2776"}],"wp:term":[{"taxonomy":"category","embeddable":true,"href":"http:\/\/svetaobitelj.hr\/index.php?rest_route=%2Fwp%2Fv2%2Fcategories&post=2776"},{"taxonomy":"post_tag","embeddable":true,"href":"http:\/\/svetaobitelj.hr\/index.php?rest_route=%2Fwp%2Fv2%2Ftags&post=2776"}],"curies":[{"name":"wp","href":"https:\/\/api.w.org\/{rel}","templated":true}]}}