{"id":2771,"date":"2023-05-11T17:07:44","date_gmt":"2023-05-11T16:07:44","guid":{"rendered":"http:\/\/svetaobitelj.hr\/?p=2771"},"modified":"2023-05-13T08:42:55","modified_gmt":"2023-05-13T07:42:55","slug":"zupne-obavijesti-6-vazmena-nedjelja-5","status":"publish","type":"post","link":"http:\/\/svetaobitelj.hr\/?p=2771","title":{"rendered":"\u017dupne obavijesti: 6. vazmena nedjelja"},"content":{"rendered":"\n<p>Slavimo \u0161estu vazmenu nedjelju. Druga je nedjelja u svibnju kada slavimo Maj\u010din dan, a u na\u0161oj je \u017dupi godi\u0161nje klanjanje pred Presvetim. Pred kraj prijepodnevnih svetih misa imamo kratko klanjanje pred Presvetim. Crkva \u0107e biti otvorena i poslije podne od 15:00 sati kada \u0107e biti izlo\u017eeno Presveto za osobno klanjanje. Zajedni\u010dki zavr\u0161etak klanjanja bit \u0107e od 17:30 sati. U 18:15 su svibanjske pobo\u017enosti. Redoviti mjese\u010dni susret Mjesnoga bratstva OFS-a je u 16:30 sati.<\/p>\n\n\n\n<p>Sutra se pod ve\u010dernjom svetom misom spominjemo na\u0161ih stradalnika na Bleiburgu i na Kri\u017enom putu pora\u0107a Drugoga svjetskog rata.<\/p>\n\n\n\n<p>Pobo\u017enost na \u010dast sv. Antunu Padovanskom je u utorak u 18:15 sati. (Svibanjska pobo\u017enost je je prije toga)<\/p>\n\n\n\n<p>U srijedu je redoviti sastanak \u017eupnih vije\u0107a u 19:30 sati.<\/p>\n\n\n\n<p>U \u010detvrtak slavimo Uza\u0161a\u0161\u0107e Gospodinovo \u2013 Spasovo. Svete mise su u 7:30 i 18:30 sati.<\/p>\n\n\n\n<p>U subotu, 20. svibnja ove godine, s po\u010detkom u 10:00 sati, bit \u0107e Dan otvorenih vrata Isusova\u010dke klasi\u010dne gimnazije s pravom javnosti u Osijeku, Trg Vatroslava Lisinskog 1.<\/p>\n\n\n\n<p>Sljede\u0107e nedjelje slavimo sedmu vazmenu nedjelju. <\/p>\n\n\n\n<p>U subotu, 27. svibnja ove godine, s po\u010detkom u 19:00 sati ispred Konkatedrale u Osijeku, zapo\u010det \u0107e Duhovsko bdijenje u organizaciji Ureda za pastoral mladih \u0110akova\u010dko-osje\u010dke nadbiskupije. \u017delja je da mladi iz \u010ditave na\u0161e nadbiskupije zajedno mole i slave Boga uo\u010di blagdana Duhova. Zavr\u0161etak slavlja predvi\u0111en je oko 22:00 sata.<\/p>\n\n\n\n<p>Na blagdan Poho\u0111enja Bla\u017eene Djevice Marije, 31. svibnja, bit \u0107e Hodo\u010da\u0161\u0107e obitelji osje\u010dkih dekanata aljma\u0161koj Gospi od Uto\u010di\u0161ta. Slavlje svete mise u sveti\u0161tu zapo\u010dinje u 19:00 sati, a nakon mise bila bi procesija do Gospe pod Lipom gdje bi bio zavr\u0161etak marijanskom pobo\u017eno\u0161\u0107u. Svetu misu predvodit \u0107e pre\u010d. Dr. Davor Vukovi\u0107, predstojnik Instituta Ivan Pavao II.<\/p>\n\n\n\n<p>Zahvalni za va\u0161u pomo\u0107 kojom poma\u017eete obnovu na\u0161ih crkava i samostana nastradalih u potresima, preporu\u010damo se i nadalje va\u0161oj dobroti.<\/p>\n\n\n\n<p>Molimo sve vas koji jo\u0161 nemate \u017eupnu obiteljsku knji\u017eicu ili je potrebno upisati promjene u postoje\u0107e, da se javite u \u017eupni ured.<\/p>\n\n\n\n<p>Kupujte i \u010ditajte katoli\u010dki vjerski tisak.<\/p>\n","protected":false},"excerpt":{"rendered":"<p>Slavimo \u0161estu vazmenu nedjelju. Druga je nedjelja u svibnju kada slavimo Maj\u010din dan, a u na\u0161oj je \u017dupi godi\u0161nje klanjanje pred Presvetim. Pred kraj prijepodnevnih svetih misa imamo kratko klanjanje pred Presvetim. Crkva \u0107e biti otvorena i poslije podne od 15:00 sati kada \u0107e biti izlo\u017eeno Presveto za osobno klanjanje. Zajedni\u010dki zavr\u0161etak klanjanja bit \u0107e <a href=\"http:\/\/svetaobitelj.hr\/?p=2771\" class=\"more-link\">[&hellip;]<\/a><\/p>\n","protected":false},"author":2,"featured_media":0,"comment_status":"closed","ping_status":"open","sticky":false,"template":"","format":"standard","meta":{"footnotes":""},"categories":[3],"tags":[],"class_list":["entry","author-","post-2771","post","type-post","status-publish","format-standard","category-zupa"],"_links":{"self":[{"href":"http:\/\/svetaobitelj.hr\/index.php?rest_route=\/wp\/v2\/posts\/2771","targetHints":{"allow":["GET"]}}],"collection":[{"href":"http:\/\/svetaobitelj.hr\/index.php?rest_route=\/wp\/v2\/posts"}],"about":[{"href":"http:\/\/svetaobitelj.hr\/index.php?rest_route=\/wp\/v2\/types\/post"}],"author":[{"embeddable":true,"href":"http:\/\/svetaobitelj.hr\/index.php?rest_route=\/wp\/v2\/users\/2"}],"replies":[{"embeddable":true,"href":"http:\/\/svetaobitelj.hr\/index.php?rest_route=%2Fwp%2Fv2%2Fcomments&post=2771"}],"version-history":[{"count":2,"href":"http:\/\/svetaobitelj.hr\/index.php?rest_route=\/wp\/v2\/posts\/2771\/revisions"}],"predecessor-version":[{"id":2774,"href":"http:\/\/svetaobitelj.hr\/index.php?rest_route=\/wp\/v2\/posts\/2771\/revisions\/2774"}],"wp:attachment":[{"href":"http:\/\/svetaobitelj.hr\/index.php?rest_route=%2Fwp%2Fv2%2Fmedia&parent=2771"}],"wp:term":[{"taxonomy":"category","embeddable":true,"href":"http:\/\/svetaobitelj.hr\/index.php?rest_route=%2Fwp%2Fv2%2Fcategories&post=2771"},{"taxonomy":"post_tag","embeddable":true,"href":"http:\/\/svetaobitelj.hr\/index.php?rest_route=%2Fwp%2Fv2%2Ftags&post=2771"}],"curies":[{"name":"wp","href":"https:\/\/api.w.org\/{rel}","templated":true}]}}