{"id":2767,"date":"2023-05-10T07:55:21","date_gmt":"2023-05-10T06:55:21","guid":{"rendered":"https:\/\/svetaobitelj.hr\/?p=2767"},"modified":"2023-05-10T07:55:22","modified_gmt":"2023-05-10T06:55:22","slug":"prva-pricest-3","status":"publish","type":"post","link":"http:\/\/svetaobitelj.hr\/?p=2767","title":{"rendered":"Prva pri\u010dest"},"content":{"rendered":"\n<div class=\"wp-block-image\"><figure class=\"aligncenter size-large\"><img loading=\"lazy\" decoding=\"async\" width=\"1024\" height=\"1024\" src=\"https:\/\/svetaobitelj.hr\/wp-content\/uploads\/2023\/05\/IMG-5b697d6f5b6da99197be7a853b63abd0-V-1024x1024.jpg\" alt=\"\" class=\"wp-image-2768\" srcset=\"http:\/\/svetaobitelj.hr\/wp-content\/uploads\/2023\/05\/IMG-5b697d6f5b6da99197be7a853b63abd0-V-1024x1024.jpg 1024w, http:\/\/svetaobitelj.hr\/wp-content\/uploads\/2023\/05\/IMG-5b697d6f5b6da99197be7a853b63abd0-V-300x300.jpg 300w, http:\/\/svetaobitelj.hr\/wp-content\/uploads\/2023\/05\/IMG-5b697d6f5b6da99197be7a853b63abd0-V-150x150.jpg 150w, http:\/\/svetaobitelj.hr\/wp-content\/uploads\/2023\/05\/IMG-5b697d6f5b6da99197be7a853b63abd0-V-768x768.jpg 768w, http:\/\/svetaobitelj.hr\/wp-content\/uploads\/2023\/05\/IMG-5b697d6f5b6da99197be7a853b63abd0-V-1536x1536.jpg 1536w, http:\/\/svetaobitelj.hr\/wp-content\/uploads\/2023\/05\/IMG-5b697d6f5b6da99197be7a853b63abd0-V.jpg 1600w\" sizes=\"auto, (max-width: 1024px) 100vw, 1024px\" \/><\/figure><\/div>\n\n\n\n<p>U subotu, 06. svibnja pod dvije sve\u010dane mise odr\u017eano je slavlje prve pri\u010desti u na\u0161oj \u017eupi. Svim prvopri\u010desnicima i njihovim roditeljima \u017eelimo obilje blagoslova na putu u vjeri.<\/p>\n\n\n\n<div class=\"wp-block-image\"><figure class=\"aligncenter size-large\"><img loading=\"lazy\" decoding=\"async\" width=\"1024\" height=\"1024\" src=\"https:\/\/svetaobitelj.hr\/wp-content\/uploads\/2023\/05\/IMG-16ac691c8f228c1975e0e3192803cec1-V-1024x1024.jpg\" alt=\"\" class=\"wp-image-2769\" srcset=\"http:\/\/svetaobitelj.hr\/wp-content\/uploads\/2023\/05\/IMG-16ac691c8f228c1975e0e3192803cec1-V-1024x1024.jpg 1024w, http:\/\/svetaobitelj.hr\/wp-content\/uploads\/2023\/05\/IMG-16ac691c8f228c1975e0e3192803cec1-V-300x300.jpg 300w, http:\/\/svetaobitelj.hr\/wp-content\/uploads\/2023\/05\/IMG-16ac691c8f228c1975e0e3192803cec1-V-150x150.jpg 150w, http:\/\/svetaobitelj.hr\/wp-content\/uploads\/2023\/05\/IMG-16ac691c8f228c1975e0e3192803cec1-V-768x768.jpg 768w, http:\/\/svetaobitelj.hr\/wp-content\/uploads\/2023\/05\/IMG-16ac691c8f228c1975e0e3192803cec1-V-1536x1536.jpg 1536w, http:\/\/svetaobitelj.hr\/wp-content\/uploads\/2023\/05\/IMG-16ac691c8f228c1975e0e3192803cec1-V.jpg 1600w\" sizes=\"auto, (max-width: 1024px) 100vw, 1024px\" \/><\/figure><\/div>\n","protected":false},"excerpt":{"rendered":"<p>U subotu, 06. svibnja pod dvije sve\u010dane mise odr\u017eano je slavlje prve pri\u010desti u na\u0161oj \u017eupi. Svim prvopri\u010desnicima i njihovim roditeljima \u017eelimo obilje blagoslova na putu u vjeri.<\/p>\n","protected":false},"author":2,"featured_media":0,"comment_status":"closed","ping_status":"open","sticky":false,"template":"","format":"standard","meta":{"footnotes":""},"categories":[3],"tags":[],"class_list":["entry","author-","post-2767","post","type-post","status-publish","format-standard","category-zupa"],"_links":{"self":[{"href":"http:\/\/svetaobitelj.hr\/index.php?rest_route=\/wp\/v2\/posts\/2767","targetHints":{"allow":["GET"]}}],"collection":[{"href":"http:\/\/svetaobitelj.hr\/index.php?rest_route=\/wp\/v2\/posts"}],"about":[{"href":"http:\/\/svetaobitelj.hr\/index.php?rest_route=\/wp\/v2\/types\/post"}],"author":[{"embeddable":true,"href":"http:\/\/svetaobitelj.hr\/index.php?rest_route=\/wp\/v2\/users\/2"}],"replies":[{"embeddable":true,"href":"http:\/\/svetaobitelj.hr\/index.php?rest_route=%2Fwp%2Fv2%2Fcomments&post=2767"}],"version-history":[{"count":1,"href":"http:\/\/svetaobitelj.hr\/index.php?rest_route=\/wp\/v2\/posts\/2767\/revisions"}],"predecessor-version":[{"id":2770,"href":"http:\/\/svetaobitelj.hr\/index.php?rest_route=\/wp\/v2\/posts\/2767\/revisions\/2770"}],"wp:attachment":[{"href":"http:\/\/svetaobitelj.hr\/index.php?rest_route=%2Fwp%2Fv2%2Fmedia&parent=2767"}],"wp:term":[{"taxonomy":"category","embeddable":true,"href":"http:\/\/svetaobitelj.hr\/index.php?rest_route=%2Fwp%2Fv2%2Fcategories&post=2767"},{"taxonomy":"post_tag","embeddable":true,"href":"http:\/\/svetaobitelj.hr\/index.php?rest_route=%2Fwp%2Fv2%2Ftags&post=2767"}],"curies":[{"name":"wp","href":"https:\/\/api.w.org\/{rel}","templated":true}]}}