{"id":2764,"date":"2023-05-06T17:47:48","date_gmt":"2023-05-06T16:47:48","guid":{"rendered":"http:\/\/svetaobitelj.hr\/?p=2764"},"modified":"2023-05-06T17:47:49","modified_gmt":"2023-05-06T16:47:49","slug":"zupne-obavijesti-5-vazmena-nedjelja-5","status":"publish","type":"post","link":"http:\/\/svetaobitelj.hr\/?p=2764","title":{"rendered":"\u017dupne obavijesti: 5. vazmena nedjelja"},"content":{"rendered":"\n<p>Slavimo petu vazmenu nedjelju koja je ujedno i prva nedjelja u mjesecu kada molimo za duhovna zvanja.<\/p>\n\n\n\n<p>Pobo\u017enost na \u010dast sv. Antunu Padovanskom je u utorak u 18:15 sati. (Svibanjska pobo\u017enost je je prije toga)<\/p>\n\n\n\n<p>U srijedu slavimo Gospu Trsatsku, za\u0161titnicu na\u0161e Hrvatske franjeva\u010dke provincije sv. \u0106irila i Metoda. Svete mise su u 7:30 i 18:30 sati.<\/p>\n\n\n\n<p>U subotu 13. svibnja ove godine s po\u010detkom u 11:00 sati, na Trgu Svetoga Trojstva u Osijeku, bit \u0107e odr\u017ean Hod za \u017eivot. Pozvane su obitelji s djecom, mladi, stari, svi koji \u017eele dati podr\u0161ku nero\u0111enoj djeci, njihovim majkama i o\u010devima. Ispred crkve mo\u017eete nabaviti majice \u010dijom kupnjom poma\u017eemo pokrivanju tro\u0161kova organizacije.<\/p>\n\n\n\n<p>Sljede\u0107e nedjelje slavimo \u0161estu vazmenu nedjelju. Druga je nedjelja u svibnju kada slavimo Maj\u010din dan, a u na\u0161oj je \u017dupi godi\u0161nje klanjanje pred Presvetim. Pred kraj prijepodnevnih svetih misa imat \u0107emo kratko klanjanje pred Presvetim. Crkva \u0107e biti otvorena i poslije podne kada \u0107e biti izlo\u017eeno Presveto za osobno klanjanje. Zajedni\u010dki zavr\u0161etak klanjanja bit \u0107e od 17:30 sati. U 18:15 su svibanjske pobo\u017enosti. Redoviti mjese\u010dni susret Mjesnoga bratstva OFS-a je u 16:30 sati. <\/p>\n\n\n\n<p>Na blagdan Poho\u0111enja Bla\u017eene Djevice Marije, 31. svibnja, bit \u0107e Hodo\u010da\u0161\u0107e obitelji osje\u010dkih dekanata aljma\u0161koj Gospi od Uto\u010di\u0161ta. Slavlje svete mise u sveti\u0161tu zapo\u010dinje u 19:00 sati, a nakon mise bila bi procesija do Gospe pod Lipom gdje bi bio zavr\u0161etak marijanskom pobo\u017eno\u0161\u0107u. Svetu misu predvodit \u0107e pre\u010d. Dr. Davor Vukovi\u0107, predstojnik Instituta Ivan Pavao II.<\/p>\n\n\n\n<p>Zahvalni za va\u0161u pomo\u0107 kojom poma\u017eete obnovu na\u0161ih crkava i samostana nastradalih u potresima, preporu\u010damo se i nadalje va\u0161oj dobroti.<\/p>\n\n\n\n<p>Molimo sve vas koji jo\u0161 nemate \u017eupnu obiteljsku knji\u017eicu ili je potrebno upisati promjene u postoje\u0107e, da se javite u \u017eupni ured.<\/p>\n\n\n\n<p>Kupujte i \u010ditajte katoli\u010dki vjerski tisak.<\/p>\n","protected":false},"excerpt":{"rendered":"<p>Slavimo petu vazmenu nedjelju koja je ujedno i prva nedjelja u mjesecu kada molimo za duhovna zvanja. Pobo\u017enost na \u010dast sv. Antunu Padovanskom je u utorak u 18:15 sati. (Svibanjska pobo\u017enost je je prije toga) U srijedu slavimo Gospu Trsatsku, za\u0161titnicu na\u0161e Hrvatske franjeva\u010dke provincije sv. \u0106irila i Metoda. Svete mise su u 7:30 i <a href=\"http:\/\/svetaobitelj.hr\/?p=2764\" class=\"more-link\">[&hellip;]<\/a><\/p>\n","protected":false},"author":2,"featured_media":0,"comment_status":"closed","ping_status":"open","sticky":false,"template":"","format":"standard","meta":{"footnotes":""},"categories":[3],"tags":[],"class_list":["entry","author-","post-2764","post","type-post","status-publish","format-standard","category-zupa"],"_links":{"self":[{"href":"http:\/\/svetaobitelj.hr\/index.php?rest_route=\/wp\/v2\/posts\/2764","targetHints":{"allow":["GET"]}}],"collection":[{"href":"http:\/\/svetaobitelj.hr\/index.php?rest_route=\/wp\/v2\/posts"}],"about":[{"href":"http:\/\/svetaobitelj.hr\/index.php?rest_route=\/wp\/v2\/types\/post"}],"author":[{"embeddable":true,"href":"http:\/\/svetaobitelj.hr\/index.php?rest_route=\/wp\/v2\/users\/2"}],"replies":[{"embeddable":true,"href":"http:\/\/svetaobitelj.hr\/index.php?rest_route=%2Fwp%2Fv2%2Fcomments&post=2764"}],"version-history":[{"count":1,"href":"http:\/\/svetaobitelj.hr\/index.php?rest_route=\/wp\/v2\/posts\/2764\/revisions"}],"predecessor-version":[{"id":2765,"href":"http:\/\/svetaobitelj.hr\/index.php?rest_route=\/wp\/v2\/posts\/2764\/revisions\/2765"}],"wp:attachment":[{"href":"http:\/\/svetaobitelj.hr\/index.php?rest_route=%2Fwp%2Fv2%2Fmedia&parent=2764"}],"wp:term":[{"taxonomy":"category","embeddable":true,"href":"http:\/\/svetaobitelj.hr\/index.php?rest_route=%2Fwp%2Fv2%2Fcategories&post=2764"},{"taxonomy":"post_tag","embeddable":true,"href":"http:\/\/svetaobitelj.hr\/index.php?rest_route=%2Fwp%2Fv2%2Ftags&post=2764"}],"curies":[{"name":"wp","href":"https:\/\/api.w.org\/{rel}","templated":true}]}}