{"id":2757,"date":"2023-05-03T05:11:23","date_gmt":"2023-05-03T04:11:23","guid":{"rendered":"http:\/\/svetaobitelj.hr\/?p=2757"},"modified":"2023-05-04T09:39:24","modified_gmt":"2023-05-04T08:39:24","slug":"sveta-potvrda-2","status":"publish","type":"post","link":"http:\/\/svetaobitelj.hr\/?p=2757","title":{"rendered":"Sveta Potvrda"},"content":{"rendered":"\n<div class=\"wp-block-image\"><figure class=\"aligncenter size-large\"><img loading=\"lazy\" decoding=\"async\" width=\"1024\" height=\"1024\" src=\"http:\/\/svetaobitelj.hr\/wp-content\/uploads\/2023\/05\/1-1024x1024.jpg\" alt=\"\" class=\"wp-image-2758\" srcset=\"http:\/\/svetaobitelj.hr\/wp-content\/uploads\/2023\/05\/1-1024x1024.jpg 1024w, http:\/\/svetaobitelj.hr\/wp-content\/uploads\/2023\/05\/1-300x300.jpg 300w, http:\/\/svetaobitelj.hr\/wp-content\/uploads\/2023\/05\/1-150x150.jpg 150w, http:\/\/svetaobitelj.hr\/wp-content\/uploads\/2023\/05\/1-768x768.jpg 768w, http:\/\/svetaobitelj.hr\/wp-content\/uploads\/2023\/05\/1-1536x1536.jpg 1536w, http:\/\/svetaobitelj.hr\/wp-content\/uploads\/2023\/05\/1.jpg 1600w\" sizes=\"auto, (max-width: 1024px) 100vw, 1024px\" \/><\/figure><\/div>\n\n\n\n<p><\/p>\n\n\n\n<p>U subotu, 29. travnja 2023. godine u na\u0161oj \u017eupi podijeljen je sakrament svete potvrde. Djelitelj je bio mons. prof. dr. Vladimir Dugali\u0107, koji je i predvodio sve\u010dano misno slavlje uz koncelebraciju na\u0161eg \u017eupnika fra Dragutina, \u017eupnog vikara fra Ivana, vl\u010d. Alojza Kova\u010deka, dekana Osje\u010dkog isto\u010dnog dekanata i fratara iz franjeva\u010dkog samostana iz Tvr\u0111e<\/p>\n\n\n\n<div class=\"wp-block-image\"><figure class=\"aligncenter size-large\"><img loading=\"lazy\" decoding=\"async\" width=\"1024\" height=\"1024\" src=\"http:\/\/svetaobitelj.hr\/wp-content\/uploads\/2023\/05\/2-1024x1024.jpg\" alt=\"\" class=\"wp-image-2759\" srcset=\"http:\/\/svetaobitelj.hr\/wp-content\/uploads\/2023\/05\/2-1024x1024.jpg 1024w, http:\/\/svetaobitelj.hr\/wp-content\/uploads\/2023\/05\/2-300x300.jpg 300w, http:\/\/svetaobitelj.hr\/wp-content\/uploads\/2023\/05\/2-150x150.jpg 150w, http:\/\/svetaobitelj.hr\/wp-content\/uploads\/2023\/05\/2-768x768.jpg 768w, http:\/\/svetaobitelj.hr\/wp-content\/uploads\/2023\/05\/2-1536x1536.jpg 1536w, http:\/\/svetaobitelj.hr\/wp-content\/uploads\/2023\/05\/2.jpg 1600w\" sizes=\"auto, (max-width: 1024px) 100vw, 1024px\" \/><\/figure><\/div>\n\n\n\n<p>U sredi\u0161te svoje homilije mons. Dugali\u0107 stavio je Krista uspore\u0111uju\u0107i ga s vratima koja nas \u010duvaju od zla, a istodobno nam se otvaraju pru\u017eaju\u0107i nam ljubav i put ka vje\u010dnosti.<\/p>\n\n\n\n<div class=\"wp-block-image\"><figure class=\"aligncenter size-large\"><img loading=\"lazy\" decoding=\"async\" width=\"1024\" height=\"1024\" src=\"http:\/\/svetaobitelj.hr\/wp-content\/uploads\/2023\/05\/3-1024x1024.jpg\" alt=\"\" class=\"wp-image-2760\" srcset=\"http:\/\/svetaobitelj.hr\/wp-content\/uploads\/2023\/05\/3-1024x1024.jpg 1024w, http:\/\/svetaobitelj.hr\/wp-content\/uploads\/2023\/05\/3-300x300.jpg 300w, http:\/\/svetaobitelj.hr\/wp-content\/uploads\/2023\/05\/3-150x150.jpg 150w, http:\/\/svetaobitelj.hr\/wp-content\/uploads\/2023\/05\/3-768x768.jpg 768w, http:\/\/svetaobitelj.hr\/wp-content\/uploads\/2023\/05\/3-1536x1536.jpg 1536w, http:\/\/svetaobitelj.hr\/wp-content\/uploads\/2023\/05\/3.jpg 1600w\" sizes=\"auto, (max-width: 1024px) 100vw, 1024px\" \/><\/figure><\/div>\n\n\n\n<p>Sakrament kr\u0161\u0107anske zrelosti primilo je 69 krizmanika koji su tim \u010dinom potvrdili svoju vjeru i ope\u010da\u0107eni Pe\u010datom dara Duha Svetoga nastavljaju svoj put kroz \u017eivot.<\/p>\n","protected":false},"excerpt":{"rendered":"<p>U subotu, 29. travnja 2023. godine u na\u0161oj \u017eupi podijeljen je sakrament svete potvrde. Djelitelj je bio mons. prof. dr. Vladimir Dugali\u0107, koji je i predvodio sve\u010dano misno slavlje uz koncelebraciju na\u0161eg \u017eupnika fra Dragutina, \u017eupnog vikara fra Ivana, vl\u010d. Alojza Kova\u010deka, dekana Osje\u010dkog isto\u010dnog dekanata i fratara iz franjeva\u010dkog samostana iz Tvr\u0111e U sredi\u0161te <a href=\"http:\/\/svetaobitelj.hr\/?p=2757\" class=\"more-link\">[&hellip;]<\/a><\/p>\n","protected":false},"author":2,"featured_media":0,"comment_status":"closed","ping_status":"open","sticky":false,"template":"","format":"standard","meta":{"footnotes":""},"categories":[3],"tags":[],"class_list":["entry","author-","post-2757","post","type-post","status-publish","format-standard","category-zupa"],"_links":{"self":[{"href":"http:\/\/svetaobitelj.hr\/index.php?rest_route=\/wp\/v2\/posts\/2757","targetHints":{"allow":["GET"]}}],"collection":[{"href":"http:\/\/svetaobitelj.hr\/index.php?rest_route=\/wp\/v2\/posts"}],"about":[{"href":"http:\/\/svetaobitelj.hr\/index.php?rest_route=\/wp\/v2\/types\/post"}],"author":[{"embeddable":true,"href":"http:\/\/svetaobitelj.hr\/index.php?rest_route=\/wp\/v2\/users\/2"}],"replies":[{"embeddable":true,"href":"http:\/\/svetaobitelj.hr\/index.php?rest_route=%2Fwp%2Fv2%2Fcomments&post=2757"}],"version-history":[{"count":2,"href":"http:\/\/svetaobitelj.hr\/index.php?rest_route=\/wp\/v2\/posts\/2757\/revisions"}],"predecessor-version":[{"id":2763,"href":"http:\/\/svetaobitelj.hr\/index.php?rest_route=\/wp\/v2\/posts\/2757\/revisions\/2763"}],"wp:attachment":[{"href":"http:\/\/svetaobitelj.hr\/index.php?rest_route=%2Fwp%2Fv2%2Fmedia&parent=2757"}],"wp:term":[{"taxonomy":"category","embeddable":true,"href":"http:\/\/svetaobitelj.hr\/index.php?rest_route=%2Fwp%2Fv2%2Fcategories&post=2757"},{"taxonomy":"post_tag","embeddable":true,"href":"http:\/\/svetaobitelj.hr\/index.php?rest_route=%2Fwp%2Fv2%2Ftags&post=2757"}],"curies":[{"name":"wp","href":"https:\/\/api.w.org\/{rel}","templated":true}]}}