{"id":2750,"date":"2023-04-28T19:25:41","date_gmt":"2023-04-28T18:25:41","guid":{"rendered":"http:\/\/svetaobitelj.hr\/?p=2750"},"modified":"2023-04-28T19:25:42","modified_gmt":"2023-04-28T18:25:42","slug":"zupne-obavijesti-4-vazmena-nedjelja-4","status":"publish","type":"post","link":"http:\/\/svetaobitelj.hr\/?p=2750","title":{"rendered":"\u017dupne obavijesti: 4. vazmena nedjelja"},"content":{"rendered":"\n<p><strong>Slavimo \u010detvrtu vazmenu nedjelju koja je ujedno i Nedjelja Dobrog Pastira kada na osobit na\u010din molimo za duhovna zvanja. Nakon svetih misa prikupljamo nov\u010dane priloge za na\u0161e odgojne ustanove \u2013 sjemeni\u0161ta.<\/strong><\/p>\n\n\n\n<p><strong>Sutra zapo\u010dinju svibanjske pobo\u017enosti, a biblijski sat je nakon ve\u010dernje svete mise. Ponedjeljkom molimo krunicu Bo\u017eanskog milosr\u0111a.<\/strong><\/p>\n\n\n\n<p><strong>\u017dupne kateheze koje su i generalna proba za ovogodi\u0161nje kandidate za prvu ispovijed i pri\u010dest su: u utorak u 15:30 za O\u0160 Tin Ujevi\u0107, a u srijedu u 15:00 sati za O\u0160 Grigor Vitez.<\/strong><\/p>\n\n\n\n<p><strong>Pobo\u017enost na \u010dast sv. Antunu Padovanskom je u utorak u 18:15 sati. (Svibanjska pobo\u017enost je je prije toga)<\/strong><\/p>\n\n\n\n<p><strong>U \u010detvrtak je klanjanje pred Presvetim nakon ve\u010dernje svete mise.<\/strong><\/p>\n\n\n\n<p><strong>U petak je prva ispovijed ovogodi\u0161njih kandidata za Prvu svetu Pri\u010dest u 16:00 sati.<\/strong><\/p>\n\n\n\n<p><strong>U subotu je u na\u0161oj \u017eupi slavlje Prve Pri\u010desti. Svete mise su u 9:00 (O\u0160 Grigor Vitez) i u 10:30 sati (O\u0160 Tin Ujevi\u0107). Pod ve\u010dernjom svetom misom molimo za duhovna zvanja, budu\u0107i da je prva subota u mjesecu.<\/strong><\/p>\n\n\n\n<p><strong>Sljede\u0107e nedjelje slavimo petu vazmenu nedjelju. Ujedno je prva nedjelja u mjesecu kada molimo za duhovna zvanja, a pod jutarnjom svetom misom molimo za dobro\u010dinitelje na\u0161e crkve i samostana.<\/strong><\/p>\n\n\n\n<p><strong>U subotu 13. svibnja ove godine s po\u010detkom u 11:00 sati, na Trgu Svetoga Trojstva u Osijeku, bit \u0107e odr\u017ean Hod za \u017eivot. Pozvane su obitelji s djecom, mladi, stari, svi koji \u017eele dati podr\u0161ku nero\u0111enoj djeci, njihovim majkama i o\u010devima. Ispred crkve mo\u0107i \u0107ete nabaviti majice \u010dijom kupnjom poma\u017eemo pokrivanju tro\u0161kova organizacije.<\/strong><\/p>\n\n\n\n<p><strong>Zahvalni za va\u0161u pomo\u0107 kojom poma\u017eete obnovu na\u0161ih crkava i samostana nastradalih u potresima, preporu\u010damo se i nadalje va\u0161oj dobroti.<\/strong><\/p>\n\n\n\n<p><strong>Molimo sve vas koji jo\u0161 nemate \u017eupnu obiteljsku knji\u017eicu ili je potrebno upisati promjene u postoje\u0107e, da se javite u \u017eupni ured.<\/strong><\/p>\n\n\n\n<p><strong>Kupujte i \u010ditajte katoli\u010dki vjerski tisak.<\/strong><\/p>\n","protected":false},"excerpt":{"rendered":"<p>Slavimo \u010detvrtu vazmenu nedjelju koja je ujedno i Nedjelja Dobrog Pastira kada na osobit na\u010din molimo za duhovna zvanja. Nakon svetih misa prikupljamo nov\u010dane priloge za na\u0161e odgojne ustanove \u2013 sjemeni\u0161ta. Sutra zapo\u010dinju svibanjske pobo\u017enosti, a biblijski sat je nakon ve\u010dernje svete mise. Ponedjeljkom molimo krunicu Bo\u017eanskog milosr\u0111a. \u017dupne kateheze koje su i generalna proba <a href=\"http:\/\/svetaobitelj.hr\/?p=2750\" class=\"more-link\">[&hellip;]<\/a><\/p>\n","protected":false},"author":2,"featured_media":0,"comment_status":"closed","ping_status":"open","sticky":false,"template":"","format":"standard","meta":{"footnotes":""},"categories":[3],"tags":[],"class_list":["entry","author-","post-2750","post","type-post","status-publish","format-standard","category-zupa"],"_links":{"self":[{"href":"http:\/\/svetaobitelj.hr\/index.php?rest_route=\/wp\/v2\/posts\/2750","targetHints":{"allow":["GET"]}}],"collection":[{"href":"http:\/\/svetaobitelj.hr\/index.php?rest_route=\/wp\/v2\/posts"}],"about":[{"href":"http:\/\/svetaobitelj.hr\/index.php?rest_route=\/wp\/v2\/types\/post"}],"author":[{"embeddable":true,"href":"http:\/\/svetaobitelj.hr\/index.php?rest_route=\/wp\/v2\/users\/2"}],"replies":[{"embeddable":true,"href":"http:\/\/svetaobitelj.hr\/index.php?rest_route=%2Fwp%2Fv2%2Fcomments&post=2750"}],"version-history":[{"count":1,"href":"http:\/\/svetaobitelj.hr\/index.php?rest_route=\/wp\/v2\/posts\/2750\/revisions"}],"predecessor-version":[{"id":2751,"href":"http:\/\/svetaobitelj.hr\/index.php?rest_route=\/wp\/v2\/posts\/2750\/revisions\/2751"}],"wp:attachment":[{"href":"http:\/\/svetaobitelj.hr\/index.php?rest_route=%2Fwp%2Fv2%2Fmedia&parent=2750"}],"wp:term":[{"taxonomy":"category","embeddable":true,"href":"http:\/\/svetaobitelj.hr\/index.php?rest_route=%2Fwp%2Fv2%2Fcategories&post=2750"},{"taxonomy":"post_tag","embeddable":true,"href":"http:\/\/svetaobitelj.hr\/index.php?rest_route=%2Fwp%2Fv2%2Ftags&post=2750"}],"curies":[{"name":"wp","href":"https:\/\/api.w.org\/{rel}","templated":true}]}}