{"id":2658,"date":"2023-02-24T08:09:42","date_gmt":"2023-02-24T07:09:42","guid":{"rendered":"https:\/\/svetaobitelj.hr\/?p=2658"},"modified":"2023-02-24T08:09:43","modified_gmt":"2023-02-24T07:09:43","slug":"zupne-obavijesti-1-korizmena-nedjelja-5","status":"publish","type":"post","link":"http:\/\/svetaobitelj.hr\/?p=2658","title":{"rendered":"\u017dupne obavijesti: 1. korizmena nedjelja"},"content":{"rendered":"\n<p>Slavimo prvu korizmenu nedjelju.<\/p>\n\n\n\n<p>Sutra ne\u0107e biti biblijskoga sata nakon ve\u010dernje svete mise.<\/p>\n\n\n\n<p>U korizmeno vrijeme pobo\u017enost kri\u017enoga puta je srijedom i petkom u 18:00 sati.<\/p>\n\n\n\n<p>U subotu \u0107emo pod ve\u010dernjom svetom misom moliti za duhovna zvanja budu\u0107i da je prva subota u mjesecu.<\/p>\n\n\n\n<p>Sljede\u0107e nedjelje slavimo drugu korizmenu nedjelju. Ujedno je prva nedjelja u mjesecu kada svojim molitvama i nov\u010danim prilozima poma\u017eemo radu sjemeni\u0161ta te molimo za duhovna zvanja. Pod jutarnjom svetom misom molit \u0107emo za dobro\u010dinitelje ove na\u0161e crkve i samostana. Zapo\u010dinje i Tjedan solidarnosti s bra\u0107om i sestrama u Bosni i Hercegovini.<\/p>\n\n\n\n<p>Korizma je vrijeme posta, molitve i dobrih djela. Caritas na\u0161e Nadbiskupije nastavlja s projektom \u201eBla\u017eenije je davati nego primati\u201c \u010dime svojim nov\u010danim prilozima i \u017eive\u017enim namirnicama, poma\u017eemo djelovanju Caritasa u na\u0161oj nadbiskupiji. Prikupljanje prehrambenih proizvoda i higijenskih potrep\u0161tina za potrebite u na\u0161oj \u017eupi bit \u0107e u razdoblju izme\u0111u \u010detvrte korizmene nedjelje i Cvjetnice. Svoje darove mo\u017eete donijeti u \u017eupni ured.<\/p>\n\n\n\n<p>Tko \u017eeli, mo\u017ee uzeti caritasove kutijice na izlazu iz crkve te stavljati svoj dar u njih tijekom korizme i donijeti ih u crkvu na Cvjetnicu.<\/p>\n\n\n\n<p>U subotu, 25. o\u017eujka ove godine, bit \u0107e Kri\u017eni put za mlade pod geslom \u201eEvo ti Majke! (Iv 19,27) od Stro\u0161inaca do \u0160umanovaca. Kri\u017eni put je za mlade srednjo\u0161kolske dobi i starije. Zainteresirani neka se jave u \u017eupni ured radi vi\u0161e informacija i prijave. <\/p>\n\n\n\n<p>Zahvalni za va\u0161u pomo\u0107 kojom poma\u017eete obnovu na\u0161ih crkava i samostana nastradalih u potresima, preporu\u010damo se i nadalje va\u0161oj dobroti.<\/p>\n\n\n\n<p>Molimo sve vas koji jo\u0161 nemate \u017eupnu obiteljsku knji\u017eicu ili je potrebno upisati promjene u postoje\u0107e, da se javite u \u017eupni ured u uredovno vrijeme.<\/p>\n\n\n\n<p>Termini za svete mise popunjeni su do kraja godine. <\/p>\n\n\n\n<p>Kupujte i \u010ditajte katoli\u010dki vjerski tisak.<\/p>\n","protected":false},"excerpt":{"rendered":"<p>Slavimo prvu korizmenu nedjelju. Sutra ne\u0107e biti biblijskoga sata nakon ve\u010dernje svete mise. U korizmeno vrijeme pobo\u017enost kri\u017enoga puta je srijedom i petkom u 18:00 sati. U subotu \u0107emo pod ve\u010dernjom svetom misom moliti za duhovna zvanja budu\u0107i da je prva subota u mjesecu. Sljede\u0107e nedjelje slavimo drugu korizmenu nedjelju. Ujedno je prva nedjelja u <a href=\"http:\/\/svetaobitelj.hr\/?p=2658\" class=\"more-link\">[&hellip;]<\/a><\/p>\n","protected":false},"author":2,"featured_media":0,"comment_status":"closed","ping_status":"open","sticky":false,"template":"","format":"standard","meta":{"footnotes":""},"categories":[3],"tags":[],"class_list":["entry","author-","post-2658","post","type-post","status-publish","format-standard","category-zupa"],"_links":{"self":[{"href":"http:\/\/svetaobitelj.hr\/index.php?rest_route=\/wp\/v2\/posts\/2658","targetHints":{"allow":["GET"]}}],"collection":[{"href":"http:\/\/svetaobitelj.hr\/index.php?rest_route=\/wp\/v2\/posts"}],"about":[{"href":"http:\/\/svetaobitelj.hr\/index.php?rest_route=\/wp\/v2\/types\/post"}],"author":[{"embeddable":true,"href":"http:\/\/svetaobitelj.hr\/index.php?rest_route=\/wp\/v2\/users\/2"}],"replies":[{"embeddable":true,"href":"http:\/\/svetaobitelj.hr\/index.php?rest_route=%2Fwp%2Fv2%2Fcomments&post=2658"}],"version-history":[{"count":1,"href":"http:\/\/svetaobitelj.hr\/index.php?rest_route=\/wp\/v2\/posts\/2658\/revisions"}],"predecessor-version":[{"id":2659,"href":"http:\/\/svetaobitelj.hr\/index.php?rest_route=\/wp\/v2\/posts\/2658\/revisions\/2659"}],"wp:attachment":[{"href":"http:\/\/svetaobitelj.hr\/index.php?rest_route=%2Fwp%2Fv2%2Fmedia&parent=2658"}],"wp:term":[{"taxonomy":"category","embeddable":true,"href":"http:\/\/svetaobitelj.hr\/index.php?rest_route=%2Fwp%2Fv2%2Fcategories&post=2658"},{"taxonomy":"post_tag","embeddable":true,"href":"http:\/\/svetaobitelj.hr\/index.php?rest_route=%2Fwp%2Fv2%2Ftags&post=2658"}],"curies":[{"name":"wp","href":"https:\/\/api.w.org\/{rel}","templated":true}]}}