{"id":2653,"date":"2023-02-16T21:00:27","date_gmt":"2023-02-16T20:00:27","guid":{"rendered":"http:\/\/svetaobitelj.hr\/?p=2653"},"modified":"2023-02-16T21:00:27","modified_gmt":"2023-02-16T20:00:27","slug":"zupne-obavijesti-7-nedjelja-kroz-godinu-4","status":"publish","type":"post","link":"http:\/\/svetaobitelj.hr\/?p=2653","title":{"rendered":"\u017dupne obavijesti: 7. nedjelja kroz godinu"},"content":{"rendered":"\n<p>Suosje\u0107aju\u0107i s nastradalima u razornim potresima u Turskoj i Siriji \u017eelimo im pomo\u0107i svojim molitvama i konkretnim materijalnim darom. Nakon svetih misa prikupljamo nov\u010dane priloge koje \u0107emo proslijediti Nacionalnom Caritasu. Svoj nov\u010dani dar mo\u017eete dati na izlazu iz crkve.<\/p>\n\n\n\n<p>Slavimo sedmu nedjelju kroz godinu.<\/p>\n\n\n\n<p>Sutra je biblijski sat nakon ve\u010dernje svete mise.<\/p>\n\n\n\n<p>U utorak je nakon ve\u010dernje svete mise susret \u010dlanova Vojske Bezgrje\u0161ne. <\/p>\n\n\n\n<p>U srijedu slavimo \u010cistu srijedu ili Pepelnicu. Po\u010detak je korizmenog vremena u liturgijskoj ili crkvenoj godini, obvezatan je post i nemrs. Svete mise su u 7:30 i 18:30 sati. U korizmeno vrijeme pobo\u017enost kri\u017enoga puta je srijedom i petkom u 18:00 sati. \u010cetvrtkom ne\u0107e biti klanjanja pred Presvetim.<\/p>\n\n\n\n<p>Korizma je vrijeme posta, molitve i dobrih djela. Caritas na\u0161e Nadbiskupije nastavlja s projektom \u201eBla\u017eenije je davati nego primati\u201c \u010dime svojim nov\u010danim prilozima i \u017eive\u017enim namirnicama, poma\u017eemo Caritasovu Pu\u010dku kuhinju u Osijeku i Caritasov Centar za prihvat besku\u0107nika \u2013 Osijek. Prikupljanje prehrambenih proizvoda i higijenskih potrep\u0161tina za potrebite na\u0161e \u017dupe bit \u0107e u razdoblju izme\u0111u \u010detvrte korizmene nedjelje i Cvjetnice. Svoje darove mo\u017eete donijeti u \u017eupni ured. <\/p>\n\n\n\n<p>Tko \u017eeli, mo\u017ee uzeti caritasove kutijice na izlazu iz crkve te stavljati svoj dar u njih tijekom korizme i donijeti ih u crkvu na Cvjetnicu.<\/p>\n\n\n\n<p>U petak je nakon ve\u010dernje svete mise roditeljski sastanak za roditelje ovogodi\u0161njih prvopri\u010desnika i krizmanika.<\/p>\n\n\n\n<p>Sljede\u0107e nedjelje slavimo prvu korizmenu nedjelju.<\/p>\n\n\n\n<p>Zahvalni za va\u0161u pomo\u0107 kojom poma\u017eete obnovu na\u0161ih crkava i samostana nastradalih u potresima, preporu\u010damo se i nadalje va\u0161oj dobroti.<\/p>\n\n\n\n<p>Molimo sve vas koji jo\u0161 nemate \u017eupnu obiteljsku knji\u017eicu ili je potrebno upisati promjene u postoje\u0107e, da se javite u \u017eupni ured u uredovno vrijeme.<\/p>\n\n\n\n<p>Kupujte i \u010ditajte katoli\u010dki vjerski tisak.<\/p>\n","protected":false},"excerpt":{"rendered":"<p>Suosje\u0107aju\u0107i s nastradalima u razornim potresima u Turskoj i Siriji \u017eelimo im pomo\u0107i svojim molitvama i konkretnim materijalnim darom. Nakon svetih misa prikupljamo nov\u010dane priloge koje \u0107emo proslijediti Nacionalnom Caritasu. Svoj nov\u010dani dar mo\u017eete dati na izlazu iz crkve. Slavimo sedmu nedjelju kroz godinu. Sutra je biblijski sat nakon ve\u010dernje svete mise. U utorak je <a href=\"http:\/\/svetaobitelj.hr\/?p=2653\" class=\"more-link\">[&hellip;]<\/a><\/p>\n","protected":false},"author":2,"featured_media":0,"comment_status":"closed","ping_status":"open","sticky":false,"template":"","format":"standard","meta":{"footnotes":""},"categories":[3],"tags":[],"class_list":["entry","author-","post-2653","post","type-post","status-publish","format-standard","category-zupa"],"_links":{"self":[{"href":"http:\/\/svetaobitelj.hr\/index.php?rest_route=\/wp\/v2\/posts\/2653","targetHints":{"allow":["GET"]}}],"collection":[{"href":"http:\/\/svetaobitelj.hr\/index.php?rest_route=\/wp\/v2\/posts"}],"about":[{"href":"http:\/\/svetaobitelj.hr\/index.php?rest_route=\/wp\/v2\/types\/post"}],"author":[{"embeddable":true,"href":"http:\/\/svetaobitelj.hr\/index.php?rest_route=\/wp\/v2\/users\/2"}],"replies":[{"embeddable":true,"href":"http:\/\/svetaobitelj.hr\/index.php?rest_route=%2Fwp%2Fv2%2Fcomments&post=2653"}],"version-history":[{"count":1,"href":"http:\/\/svetaobitelj.hr\/index.php?rest_route=\/wp\/v2\/posts\/2653\/revisions"}],"predecessor-version":[{"id":2654,"href":"http:\/\/svetaobitelj.hr\/index.php?rest_route=\/wp\/v2\/posts\/2653\/revisions\/2654"}],"wp:attachment":[{"href":"http:\/\/svetaobitelj.hr\/index.php?rest_route=%2Fwp%2Fv2%2Fmedia&parent=2653"}],"wp:term":[{"taxonomy":"category","embeddable":true,"href":"http:\/\/svetaobitelj.hr\/index.php?rest_route=%2Fwp%2Fv2%2Fcategories&post=2653"},{"taxonomy":"post_tag","embeddable":true,"href":"http:\/\/svetaobitelj.hr\/index.php?rest_route=%2Fwp%2Fv2%2Ftags&post=2653"}],"curies":[{"name":"wp","href":"https:\/\/api.w.org\/{rel}","templated":true}]}}