{"id":2646,"date":"2023-02-04T18:19:10","date_gmt":"2023-02-04T17:19:10","guid":{"rendered":"http:\/\/svetaobitelj.hr\/?p=2646"},"modified":"2023-02-04T18:19:10","modified_gmt":"2023-02-04T17:19:10","slug":"zupne-obavjesti-5-nedjelja-kroz-godinu","status":"publish","type":"post","link":"http:\/\/svetaobitelj.hr\/?p=2646","title":{"rendered":"\u017dupne obavjesti: 5. nedjelja kroz godinu"},"content":{"rendered":"\n<p>Slavimo petu nedjelju kroz godinu. Ujedno je prva nedjelja u mjesecu kada svojim molitvama i nov\u010danim prilozima poma\u017eemo na\u0161im odgojnim ustanovama \u2013 sjemeni\u0161tima te molimo za duhovna zvanja. Svoj nov\u010dani dar za sjemeni\u0161ta mo\u017eete dati na izlazu iz crkve.<\/p>\n\n\n\n<p>Sutra je biblijski sat nakon ve\u010dernje svete mise.<\/p>\n\n\n\n<p>U \u010detvrtak je pobo\u017enost na \u010dast bl. Mariji Petkovi\u0107 u 18:15, a klanjanje pred Presvetim je nakon ve\u010dernje svete mise.<\/p>\n\n\n\n<p>U petak slavimo bl. Alojzija Stepinca, kardinala i mu\u010denika. Svete mise su u 7:30 i 18:30 sati.<\/p>\n\n\n\n<p>U subotu slavimo Gospu Lurdsku. Svjetski je Dan bolesnika. Svete mise su u 7:30, 15:30 i 18:30 sati. Misa za bolesnike je u 15:30 sati, s time da \u0107e mogu\u0107nost za ispovijed biti od 15:00 sati, a nakon ve\u010dernje svete mise imat \u0107emo procesiju do kipa Majke Bo\u017eje ispred crkve. Svije\u0107e za ve\u010dernju procesiju mo\u0107i \u0107ete kupiti prije mise.<\/p>\n\n\n\n<p>Sljede\u0107e nedjelje slavimo \u0161estu nedjelju kroz godinu. Redoviti mjese\u010dni susret Mjesnoga bratstva OFS-a bit \u0107e u 16:30 sati.<\/p>\n\n\n\n<p>Zahvalni za va\u0161u pomo\u0107 kojom poma\u017eete obnovu na\u0161ih crkava i samostana nastradalih u potresima, preporu\u010damo se i nadalje va\u0161oj dobroti.<\/p>\n\n\n\n<p>Molimo sve vas koji jo\u0161 nemate \u017eupnu obiteljsku knji\u017eicu ili je potrebno upisati promjene u postoje\u0107e, da se javite u \u017eupni ured u uredovno vrijeme.<\/p>\n\n\n\n<p>Kupujte i \u010ditajte katoli\u010dki vjerski tisak.<\/p>\n","protected":false},"excerpt":{"rendered":"<p>Slavimo petu nedjelju kroz godinu. Ujedno je prva nedjelja u mjesecu kada svojim molitvama i nov\u010danim prilozima poma\u017eemo na\u0161im odgojnim ustanovama \u2013 sjemeni\u0161tima te molimo za duhovna zvanja. Svoj nov\u010dani dar za sjemeni\u0161ta mo\u017eete dati na izlazu iz crkve. Sutra je biblijski sat nakon ve\u010dernje svete mise. U \u010detvrtak je pobo\u017enost na \u010dast bl. Mariji <a href=\"http:\/\/svetaobitelj.hr\/?p=2646\" class=\"more-link\">[&hellip;]<\/a><\/p>\n","protected":false},"author":2,"featured_media":0,"comment_status":"closed","ping_status":"open","sticky":false,"template":"","format":"standard","meta":{"footnotes":""},"categories":[3],"tags":[],"class_list":["entry","author-","post-2646","post","type-post","status-publish","format-standard","category-zupa"],"_links":{"self":[{"href":"http:\/\/svetaobitelj.hr\/index.php?rest_route=\/wp\/v2\/posts\/2646","targetHints":{"allow":["GET"]}}],"collection":[{"href":"http:\/\/svetaobitelj.hr\/index.php?rest_route=\/wp\/v2\/posts"}],"about":[{"href":"http:\/\/svetaobitelj.hr\/index.php?rest_route=\/wp\/v2\/types\/post"}],"author":[{"embeddable":true,"href":"http:\/\/svetaobitelj.hr\/index.php?rest_route=\/wp\/v2\/users\/2"}],"replies":[{"embeddable":true,"href":"http:\/\/svetaobitelj.hr\/index.php?rest_route=%2Fwp%2Fv2%2Fcomments&post=2646"}],"version-history":[{"count":1,"href":"http:\/\/svetaobitelj.hr\/index.php?rest_route=\/wp\/v2\/posts\/2646\/revisions"}],"predecessor-version":[{"id":2647,"href":"http:\/\/svetaobitelj.hr\/index.php?rest_route=\/wp\/v2\/posts\/2646\/revisions\/2647"}],"wp:attachment":[{"href":"http:\/\/svetaobitelj.hr\/index.php?rest_route=%2Fwp%2Fv2%2Fmedia&parent=2646"}],"wp:term":[{"taxonomy":"category","embeddable":true,"href":"http:\/\/svetaobitelj.hr\/index.php?rest_route=%2Fwp%2Fv2%2Fcategories&post=2646"},{"taxonomy":"post_tag","embeddable":true,"href":"http:\/\/svetaobitelj.hr\/index.php?rest_route=%2Fwp%2Fv2%2Ftags&post=2646"}],"curies":[{"name":"wp","href":"https:\/\/api.w.org\/{rel}","templated":true}]}}