{"id":2640,"date":"2023-02-03T19:49:27","date_gmt":"2023-02-03T18:49:27","guid":{"rendered":"http:\/\/svetaobitelj.hr\/?p=2640"},"modified":"2023-02-03T19:50:33","modified_gmt":"2023-02-03T18:50:33","slug":"svijecnica-i-spomendan-sv-blaza-2","status":"publish","type":"post","link":"http:\/\/svetaobitelj.hr\/?p=2640","title":{"rendered":"Svije\u0107nica i spomendan sv. Bla\u017ea"},"content":{"rendered":"\n<div class=\"wp-block-image\"><figure class=\"aligncenter size-large\"><img loading=\"lazy\" decoding=\"async\" width=\"1024\" height=\"768\" src=\"http:\/\/svetaobitelj.hr\/wp-content\/uploads\/2023\/02\/Kolaz-3-1024x768.jpg\" alt=\"\" class=\"wp-image-2641\" srcset=\"http:\/\/svetaobitelj.hr\/wp-content\/uploads\/2023\/02\/Kolaz-3-1024x768.jpg 1024w, http:\/\/svetaobitelj.hr\/wp-content\/uploads\/2023\/02\/Kolaz-3-300x225.jpg 300w, http:\/\/svetaobitelj.hr\/wp-content\/uploads\/2023\/02\/Kolaz-3-768x576.jpg 768w, http:\/\/svetaobitelj.hr\/wp-content\/uploads\/2023\/02\/Kolaz-3-1536x1152.jpg 1536w, http:\/\/svetaobitelj.hr\/wp-content\/uploads\/2023\/02\/Kolaz-3-2048x1536.jpg 2048w\" sizes=\"auto, (max-width: 1024px) 100vw, 1024px\" \/><\/figure><\/div>\n\n\n\n<p>\u010cetrdeset dana nakon njegova ro\u0111enja, Marija i Josip donijeli su Isusa u jeruzalemski Hram kako bi ga o\u010distili i posvetili Gospodinu, kako to propisuje \u017eidovski Zakon. Tradicionalno su se od sedmoga stolje\u0107a na ovaj blagdan blagoslivljale svije\u0107e koje \u0107e se koristiti tijekom godine, odakle ovom blagdanu i njegovo drugo ime, Svije\u0107nica.&nbsp;Kada razmi\u0161ljamo o ovome blagdanu, sjetimo se da su i nas na\u0161i roditelji na neki na\u010din prikazali u na\u0161oj crkvi na na\u0161em kr\u0161tenju. Tamo smo posve\u0107eni Bogu, i dano nam je ime. Dobili smo i svije\u0107u, pripaljenu na uskrsnoj svije\u0107i, pri \u010demu je na\u0161im roditeljima povjereno da to svjetlo Kristovo, kojime smo tada obasjani, \u010duvaju i umna\u017eaju. I mi smo pozvani biti svjedoci toga svjetla i \u0161iriti ga po svem svijetu.<\/p>\n\n\n\n<figure class=\"wp-block-image size-large\"><img loading=\"lazy\" decoding=\"async\" width=\"1024\" height=\"768\" src=\"http:\/\/svetaobitelj.hr\/wp-content\/uploads\/2023\/02\/Kolaz-1-1-1024x768.jpg\" alt=\"\" class=\"wp-image-2642\" srcset=\"http:\/\/svetaobitelj.hr\/wp-content\/uploads\/2023\/02\/Kolaz-1-1-1024x768.jpg 1024w, http:\/\/svetaobitelj.hr\/wp-content\/uploads\/2023\/02\/Kolaz-1-1-300x225.jpg 300w, http:\/\/svetaobitelj.hr\/wp-content\/uploads\/2023\/02\/Kolaz-1-1-768x576.jpg 768w, http:\/\/svetaobitelj.hr\/wp-content\/uploads\/2023\/02\/Kolaz-1-1-1536x1152.jpg 1536w, http:\/\/svetaobitelj.hr\/wp-content\/uploads\/2023\/02\/Kolaz-1-1-2048x1536.jpg 2048w\" sizes=\"auto, (max-width: 1024px) 100vw, 1024px\" \/><\/figure>\n\n\n\n<p>Na blagdan svetog Bla\u017ea (Vlahe) koji je 3. velja\u010de, u crkvi se nakon svete mise vr\u0161i tzv. grli\u010danje, blagoslov grla. Sve\u0107enik s dvjema svije\u0107ama pristupi vjerniku i moli: &#8220;<em>Po zagovoru sv. Bla\u017ea, biskupa i mu\u010denika, oslobodio te Bog od bolesti grla i svakog drugog zla!<\/em>&#8220;. Taj se blagoslov temelji na prastaroj predaji po kojoj je sv. Bla\u017e svojim blagoslovom spasio dje\u010daka kome je u grlu zapela riblja kost.<\/p>\n\n\n\n<div class=\"wp-block-image\"><figure class=\"aligncenter size-large\"><img loading=\"lazy\" decoding=\"async\" width=\"1024\" height=\"768\" src=\"http:\/\/svetaobitelj.hr\/wp-content\/uploads\/2023\/02\/Kolaz2-1-1024x768.jpg\" alt=\"\" class=\"wp-image-2643\" srcset=\"http:\/\/svetaobitelj.hr\/wp-content\/uploads\/2023\/02\/Kolaz2-1-1024x768.jpg 1024w, http:\/\/svetaobitelj.hr\/wp-content\/uploads\/2023\/02\/Kolaz2-1-300x225.jpg 300w, http:\/\/svetaobitelj.hr\/wp-content\/uploads\/2023\/02\/Kolaz2-1-768x576.jpg 768w, http:\/\/svetaobitelj.hr\/wp-content\/uploads\/2023\/02\/Kolaz2-1-1536x1152.jpg 1536w, http:\/\/svetaobitelj.hr\/wp-content\/uploads\/2023\/02\/Kolaz2-1-2048x1536.jpg 2048w\" sizes=\"auto, (max-width: 1024px) 100vw, 1024px\" \/><\/figure><\/div>\n","protected":false},"excerpt":{"rendered":"<p>\u010cetrdeset dana nakon njegova ro\u0111enja, Marija i Josip donijeli su Isusa u jeruzalemski Hram kako bi ga o\u010distili i posvetili Gospodinu, kako to propisuje \u017eidovski Zakon. Tradicionalno su se od sedmoga stolje\u0107a na ovaj blagdan blagoslivljale svije\u0107e koje \u0107e se koristiti tijekom godine, odakle ovom blagdanu i njegovo drugo ime, Svije\u0107nica.&nbsp;Kada razmi\u0161ljamo o ovome blagdanu, <a href=\"http:\/\/svetaobitelj.hr\/?p=2640\" class=\"more-link\">[&hellip;]<\/a><\/p>\n","protected":false},"author":2,"featured_media":0,"comment_status":"closed","ping_status":"open","sticky":false,"template":"","format":"standard","meta":{"footnotes":""},"categories":[3],"tags":[],"class_list":["entry","author-","post-2640","post","type-post","status-publish","format-standard","category-zupa"],"_links":{"self":[{"href":"http:\/\/svetaobitelj.hr\/index.php?rest_route=\/wp\/v2\/posts\/2640","targetHints":{"allow":["GET"]}}],"collection":[{"href":"http:\/\/svetaobitelj.hr\/index.php?rest_route=\/wp\/v2\/posts"}],"about":[{"href":"http:\/\/svetaobitelj.hr\/index.php?rest_route=\/wp\/v2\/types\/post"}],"author":[{"embeddable":true,"href":"http:\/\/svetaobitelj.hr\/index.php?rest_route=\/wp\/v2\/users\/2"}],"replies":[{"embeddable":true,"href":"http:\/\/svetaobitelj.hr\/index.php?rest_route=%2Fwp%2Fv2%2Fcomments&post=2640"}],"version-history":[{"count":2,"href":"http:\/\/svetaobitelj.hr\/index.php?rest_route=\/wp\/v2\/posts\/2640\/revisions"}],"predecessor-version":[{"id":2645,"href":"http:\/\/svetaobitelj.hr\/index.php?rest_route=\/wp\/v2\/posts\/2640\/revisions\/2645"}],"wp:attachment":[{"href":"http:\/\/svetaobitelj.hr\/index.php?rest_route=%2Fwp%2Fv2%2Fmedia&parent=2640"}],"wp:term":[{"taxonomy":"category","embeddable":true,"href":"http:\/\/svetaobitelj.hr\/index.php?rest_route=%2Fwp%2Fv2%2Fcategories&post=2640"},{"taxonomy":"post_tag","embeddable":true,"href":"http:\/\/svetaobitelj.hr\/index.php?rest_route=%2Fwp%2Fv2%2Ftags&post=2640"}],"curies":[{"name":"wp","href":"https:\/\/api.w.org\/{rel}","templated":true}]}}