{"id":2633,"date":"2023-02-02T19:42:14","date_gmt":"2023-02-02T18:42:14","guid":{"rendered":"http:\/\/svetaobitelj.hr\/?p=2633"},"modified":"2023-02-02T19:42:15","modified_gmt":"2023-02-02T18:42:15","slug":"ikona-kraljice-franjevacke-obitelji","status":"publish","type":"post","link":"http:\/\/svetaobitelj.hr\/?p=2633","title":{"rendered":"IKONA KRALJICE FRANJEVA\u010cKE OBITELJI"},"content":{"rendered":"\n<div class=\"wp-block-image\"><figure class=\"aligncenter size-large\"><img loading=\"lazy\" decoding=\"async\" width=\"1024\" height=\"768\" src=\"http:\/\/svetaobitelj.hr\/wp-content\/uploads\/2023\/02\/Kolaz-1-1024x768.jpg\" alt=\"\" class=\"wp-image-2634\" srcset=\"http:\/\/svetaobitelj.hr\/wp-content\/uploads\/2023\/02\/Kolaz-1-1024x768.jpg 1024w, http:\/\/svetaobitelj.hr\/wp-content\/uploads\/2023\/02\/Kolaz-1-300x225.jpg 300w, http:\/\/svetaobitelj.hr\/wp-content\/uploads\/2023\/02\/Kolaz-1-768x576.jpg 768w, http:\/\/svetaobitelj.hr\/wp-content\/uploads\/2023\/02\/Kolaz-1-1536x1152.jpg 1536w, http:\/\/svetaobitelj.hr\/wp-content\/uploads\/2023\/02\/Kolaz-1-2048x1536.jpg 2048w\" sizes=\"auto, (max-width: 1024px) 100vw, 1024px\" \/><\/figure><\/div>\n\n\n\n<p>Na svom hodo\u010dasni\u010dkom putu Ikona Kraljice Franjeva\u010dke obitelji u ponedjeljak, 30. sije\u010dnja 2023. godine stigla je u na\u0161u \u017eupu, gdje je boravila do 01. velja\u010de 2023. godine. <\/p>\n\n\n\n<p>Ikona Kraljice Franjeva\u010dke obitelji (Ikona Regina Familiae Franciscanae) nastala je 2018. godine u Litvi, ususret 3. europskom kongresu OFS-a i Frame. Blagoslovljena je 17. o\u017eujka 2018. godine u Medininkaiu (Litva) te je po\u010dela svoje hodo\u010da\u0161\u0107e po bratstvima OFS-a i Frame diljem Europe, a u na\u0161u \u017eupu pristigla je iz Mjesnog bratstva Franjeva\u010dkoga svjetovnoga reda iz Beli\u0161\u0107a. Svoj hodo\u010dasni\u010dki put po Hrvatskoj Ikona je zapo\u010dela predstavljanjem na kongresu hrvatskog bratstva OFS-a u Taboru krajem rujna pro\u0161le godine. Nakon toga uputila se prema jugu, a svoj hod u Republici Hrvatskoj \u0107e zavr\u0161iti u osje\u010dkom podru\u010dju. Cilj hodo\u010da\u0161\u0107a Ikone je posjetiti sva mjesna bratstva OFS-a i Frame i na taj na\u010din pridonijeti rastu osje\u0107aja pripadnosti OFS-u i Franjeva\u010dkoj obitelji i povezivanju Franjeva\u010dke obitelji u Europi te ostvariti zajedni\u0161tvo u molitvi.<\/p>\n\n\n\n<p>Sama slika na Ikoni puna je simbolike. Zlatna boja pozadine predstavlja Bo\u017eje svjetlo; aureola ozna\u010dava svetost; Marijine velike otvorene o\u010di znak su bri\u017enosti, dok su mala i zatvorena usta simbol klanjanja u ti\u0161ini. Duga\u010dak nos je znak usmjerenosti prema gore \u2013 prema Bogu. Ova Ikona prikazuje poseban odnos ljubavi izme\u0111u Majke i Sina, s naglaskom na njezinu ljudskost. Krist je prikazan s kri\u017eem u aureoli, kojim izra\u017eava svoju ljubav prema \u010dovje\u010danstvu. Dijete Isus nosi svijetlu tuniku obljubljenu zlatnom trakom \u0161to ukazuje da je to Dijete Vladar, Gospodar svijeta, koji ima mo\u0107 nad svim stvorenim. Plave i crvene to\u010dkice simboliziraju njegovu ljudsku i bo\u017eansku narav, a haljina mu je protkana zlatnim nitima koje predstavljanju Njegovo kraljevsko bo\u017eanstvo. Marijina tunika je plave boje \u2013 boje \u010dovje\u010danstva, a dugi pla\u0161t koji joj prekriva glavu i ramena crven je jer simbolizira Bo\u017eju milost i puninu u koju je Marija obavijena. Tri kri\u017ea nalik zvijezdama na njezinoj glavi i ramenima pokazuju da ona ostaje Djevica prije, za vrijeme i nakon poroda. U dnu ikone u tri aureole su tri najva\u017enija sveca triju franjeva\u010dkih redova. Sveti Franjo Asi\u0161ki je u sredini, a s desne strane mu je sveta Klara Asi\u0161ka, oni su utemeljitelji dvaju redova franjeva\u010dke obitelji. Uz njih je i za\u0161titnica OFS-a &#8211; sveta Elizabeta Ugarska. Ispod slika svetaca ispisana su njihova imena i izlo\u017eene njihove relikvije.<\/p>\n\n\n\n<p>Ikona je postavljena na predvi\u0111eno mjesto u donjoj crkvi. Nakon pozdravnog govora ministre na\u0161eg Mjesnog bratstva OFS-a, \u017eupnik fra Dragutin predvodio je molitvu pred Ikonom, a \u017eupni vikar fra Ivan pro\u010ditao je ulomak iz evan\u0111elja po Ivanu, te su sestre i bra\u0107a iz na\u0161eg bratstva OFS-a nazo\u010dne vjernike upoznale s zna\u010denjem i ulogom Ikone. Potom je uslijedila franjeva\u010dka krunica sedam Marijinih radosti, koju su predmolili \u010dlanovi na\u0161eg bratstva OFS-a, a vrhunac proslave bilo je euharistijsko slavlje. U utorak je Ikona bila izlo\u017eena u donjoj crkvi koja je bila otvorena za osobnu molitvu i meditaciju pred Ikonom.<\/p>\n\n\n\n<p>Ikona Kraljice Franjeva\u010dke obitelji iz na\u0161e \u017eupe je u srijedu, 01. velja\u010de 2023. godine predana bratstvu Franjeva\u010dkoga svjetovnoga reda iz osje\u010dke Tvr\u0111e.<\/p>\n\n\n\n<div class=\"wp-block-image\"><figure class=\"aligncenter size-large\"><img loading=\"lazy\" decoding=\"async\" width=\"1024\" height=\"768\" src=\"http:\/\/svetaobitelj.hr\/wp-content\/uploads\/2023\/02\/Kolaz2-1024x768.jpg\" alt=\"\" class=\"wp-image-2635\" srcset=\"http:\/\/svetaobitelj.hr\/wp-content\/uploads\/2023\/02\/Kolaz2-1024x768.jpg 1024w, http:\/\/svetaobitelj.hr\/wp-content\/uploads\/2023\/02\/Kolaz2-300x225.jpg 300w, http:\/\/svetaobitelj.hr\/wp-content\/uploads\/2023\/02\/Kolaz2-768x576.jpg 768w, http:\/\/svetaobitelj.hr\/wp-content\/uploads\/2023\/02\/Kolaz2-1536x1152.jpg 1536w, http:\/\/svetaobitelj.hr\/wp-content\/uploads\/2023\/02\/Kolaz2-2048x1536.jpg 2048w\" sizes=\"auto, (max-width: 1024px) 100vw, 1024px\" \/><\/figure><\/div>\n","protected":false},"excerpt":{"rendered":"<p>Na svom hodo\u010dasni\u010dkom putu Ikona Kraljice Franjeva\u010dke obitelji u ponedjeljak, 30. sije\u010dnja 2023. godine stigla je u na\u0161u \u017eupu, gdje je boravila do 01. velja\u010de 2023. godine. Ikona Kraljice Franjeva\u010dke obitelji (Ikona Regina Familiae Franciscanae) nastala je 2018. godine u Litvi, ususret 3. europskom kongresu OFS-a i Frame. Blagoslovljena je 17. o\u017eujka 2018. godine u <a href=\"http:\/\/svetaobitelj.hr\/?p=2633\" class=\"more-link\">[&hellip;]<\/a><\/p>\n","protected":false},"author":2,"featured_media":0,"comment_status":"closed","ping_status":"open","sticky":false,"template":"","format":"standard","meta":{"footnotes":""},"categories":[3],"tags":[],"class_list":["entry","author-","post-2633","post","type-post","status-publish","format-standard","category-zupa"],"_links":{"self":[{"href":"http:\/\/svetaobitelj.hr\/index.php?rest_route=\/wp\/v2\/posts\/2633","targetHints":{"allow":["GET"]}}],"collection":[{"href":"http:\/\/svetaobitelj.hr\/index.php?rest_route=\/wp\/v2\/posts"}],"about":[{"href":"http:\/\/svetaobitelj.hr\/index.php?rest_route=\/wp\/v2\/types\/post"}],"author":[{"embeddable":true,"href":"http:\/\/svetaobitelj.hr\/index.php?rest_route=\/wp\/v2\/users\/2"}],"replies":[{"embeddable":true,"href":"http:\/\/svetaobitelj.hr\/index.php?rest_route=%2Fwp%2Fv2%2Fcomments&post=2633"}],"version-history":[{"count":2,"href":"http:\/\/svetaobitelj.hr\/index.php?rest_route=\/wp\/v2\/posts\/2633\/revisions"}],"predecessor-version":[{"id":2637,"href":"http:\/\/svetaobitelj.hr\/index.php?rest_route=\/wp\/v2\/posts\/2633\/revisions\/2637"}],"wp:attachment":[{"href":"http:\/\/svetaobitelj.hr\/index.php?rest_route=%2Fwp%2Fv2%2Fmedia&parent=2633"}],"wp:term":[{"taxonomy":"category","embeddable":true,"href":"http:\/\/svetaobitelj.hr\/index.php?rest_route=%2Fwp%2Fv2%2Fcategories&post=2633"},{"taxonomy":"post_tag","embeddable":true,"href":"http:\/\/svetaobitelj.hr\/index.php?rest_route=%2Fwp%2Fv2%2Ftags&post=2633"}],"curies":[{"name":"wp","href":"https:\/\/api.w.org\/{rel}","templated":true}]}}