{"id":2620,"date":"2023-01-27T08:47:57","date_gmt":"2023-01-27T07:47:57","guid":{"rendered":"https:\/\/svetaobitelj.hr\/?p=2620"},"modified":"2023-01-27T08:47:58","modified_gmt":"2023-01-27T07:47:58","slug":"zupne-obavijesti-4-nedjelja-kroz-godinu-4","status":"publish","type":"post","link":"http:\/\/svetaobitelj.hr\/?p=2620","title":{"rendered":"\u017dupne obavijesti: 4. nedjelja kroz godinu"},"content":{"rendered":"\n<p>Slavimo \u010detvrtu nedjelju kroz godinu.<\/p>\n\n\n\n<p>Kao \u0161to smo najavili pro\u0161le nedjelje, od sutra pa do srijede bit \u0107e u na\u0161oj \u017eupi Ikona Kraljice Franjeva\u010dke obitelji. Po\u010detak pobo\u017enosti uz Ikonu je u 17:45 sati u donjem dijelu u dvorani pokraj kapele. U utorak \u0107e biti mogu\u0107nost osobne pobo\u017enosti nakon jutarnje svete mise do 10:00 sati te poslijepodne od 16:00 do 18:00 sati. U srijedu je mogu\u0107nost osobne pobo\u017enosti nakon jutarnje svete mise pa do 10:00 sati kada \u0107e biti i zavr\u0161etak boravka Ikone u na\u0161oj \u017eupi prigodnom pobo\u017eno\u0161\u0107u. Nakon nas Ikona \u0107e biti u na\u0161oj samostanskoj crkvi u Tvr\u0111i. Cilj hodo\u010da\u0161\u0107a Ikone Kraljice Franjeva\u010dkoga reda je posjeta \u0161to vi\u0161e mjesnih bratstava OFS-a i Frame diljem Europe i tako doprinijeti rastu osje\u0107aja zajedni\u0161tva te pripadnosti obitelji OFS-a i Frame u Europi te svjedo\u010diti zajedni\u0161tvo u molitvi. Preporu\u010da se i svima vama, cijenjeni vjernici, da sudjelujete u ovom hodo\u010da\u0161\u0107u Ikone.<\/p>\n\n\n\n<p>Sutra je u 18:15 krunica Bo\u017eanskoga Milosr\u0111a, nakon \u010dega slijedi sveta misa, a biblijski sat je nakon ve\u010dernje svete mise.<\/p>\n\n\n\n<p>U \u010detvrtak slavimo Prikazanje Gospodinovo \u2013 Svije\u0107nicu. Svete mise su u 7:30 i 18:30 sati. Bit \u0107e blagoslov svije\u0107a pod misom, a svije\u0107e \u0107ete mo\u0107i kupiti prije misa. Prvi je \u010detvrtak u mjesecu pa \u0107emo nakon ve\u010dernje svete mise imati klanjanje pred Presvetim i moliti za duhovna zvanja.<\/p>\n\n\n\n<p>U petak slavimo sv. Bla\u017ea, za\u0161titnika od bolesti grla. Svete mise su u 7:30 i 18:30 sati. Blagoslov grla bit \u0107e nakon svetih misa.<\/p>\n\n\n\n<p>Ovaj tjedan je prva subota u mjesecu kada pod ve\u010dernjom svetom misom molimo za duhovna zvanja.<\/p>\n\n\n\n<p>Sljede\u0107e nedjelje slavimo petu nedjelju kroz godinu. Ujedno je prva nedjelja u mjesecu kada se svojim molitvama i nov\u010danim prilozima sje\u0107amo na\u0161ih odgojnih ustanova \u2013 sjemeni\u0161ta te molimo za duhovna zvanja. Pod jutarnjom svetom misom molit \u0107emo za dobro\u010dinitelje ove na\u0161e crkve i samostana.<\/p>\n\n\n\n<p>Zahvalni za va\u0161u pomo\u0107 kojom poma\u017eete obnovu na\u0161ih crkava i samostana nastradalih u potresima, preporu\u010damo se i nadalje va\u0161oj dobroti.<\/p>\n\n\n\n<p>Molimo sve vas koji jo\u0161 nemate \u017eupnu obiteljsku knji\u017eicu ili je potrebno upisati promjene u postoje\u0107e, da se javite u \u017eupni ured u uredovno vrijeme.<\/p>\n\n\n\n<p>Kupujte i \u010ditajte katoli\u010dki vjerski tisak.<\/p>\n","protected":false},"excerpt":{"rendered":"<p>Slavimo \u010detvrtu nedjelju kroz godinu. Kao \u0161to smo najavili pro\u0161le nedjelje, od sutra pa do srijede bit \u0107e u na\u0161oj \u017eupi Ikona Kraljice Franjeva\u010dke obitelji. Po\u010detak pobo\u017enosti uz Ikonu je u 17:45 sati u donjem dijelu u dvorani pokraj kapele. U utorak \u0107e biti mogu\u0107nost osobne pobo\u017enosti nakon jutarnje svete mise do 10:00 sati te <a href=\"http:\/\/svetaobitelj.hr\/?p=2620\" class=\"more-link\">[&hellip;]<\/a><\/p>\n","protected":false},"author":2,"featured_media":0,"comment_status":"closed","ping_status":"open","sticky":false,"template":"","format":"standard","meta":{"footnotes":""},"categories":[3],"tags":[],"class_list":["entry","author-","post-2620","post","type-post","status-publish","format-standard","category-zupa"],"_links":{"self":[{"href":"http:\/\/svetaobitelj.hr\/index.php?rest_route=\/wp\/v2\/posts\/2620","targetHints":{"allow":["GET"]}}],"collection":[{"href":"http:\/\/svetaobitelj.hr\/index.php?rest_route=\/wp\/v2\/posts"}],"about":[{"href":"http:\/\/svetaobitelj.hr\/index.php?rest_route=\/wp\/v2\/types\/post"}],"author":[{"embeddable":true,"href":"http:\/\/svetaobitelj.hr\/index.php?rest_route=\/wp\/v2\/users\/2"}],"replies":[{"embeddable":true,"href":"http:\/\/svetaobitelj.hr\/index.php?rest_route=%2Fwp%2Fv2%2Fcomments&post=2620"}],"version-history":[{"count":2,"href":"http:\/\/svetaobitelj.hr\/index.php?rest_route=\/wp\/v2\/posts\/2620\/revisions"}],"predecessor-version":[{"id":2622,"href":"http:\/\/svetaobitelj.hr\/index.php?rest_route=\/wp\/v2\/posts\/2620\/revisions\/2622"}],"wp:attachment":[{"href":"http:\/\/svetaobitelj.hr\/index.php?rest_route=%2Fwp%2Fv2%2Fmedia&parent=2620"}],"wp:term":[{"taxonomy":"category","embeddable":true,"href":"http:\/\/svetaobitelj.hr\/index.php?rest_route=%2Fwp%2Fv2%2Fcategories&post=2620"},{"taxonomy":"post_tag","embeddable":true,"href":"http:\/\/svetaobitelj.hr\/index.php?rest_route=%2Fwp%2Fv2%2Ftags&post=2620"}],"curies":[{"name":"wp","href":"https:\/\/api.w.org\/{rel}","templated":true}]}}