{"id":2617,"date":"2023-01-20T09:03:39","date_gmt":"2023-01-20T08:03:39","guid":{"rendered":"https:\/\/svetaobitelj.hr\/?p=2617"},"modified":"2023-01-20T09:03:39","modified_gmt":"2023-01-20T08:03:39","slug":"zupne-obavijesti-3-nedjelja-kroz-godinu-5","status":"publish","type":"post","link":"http:\/\/svetaobitelj.hr\/?p=2617","title":{"rendered":"\u017dupne obavijesti: 3. nedjelja kroz godinu"},"content":{"rendered":"\n<p>Slavimo tre\u0107u nedjelju kroz godinu koja je ujedno i Nedjelja Bo\u017eje Rije\u010di.<\/p>\n\n\n\n<p>Sutra ne\u0107e biti biblijskog sata nakon ve\u010dernje svete mise.<\/p>\n\n\n\n<p>U srijedu slavimo Obra\u0107enje sv. Pavla kada i zavr\u0161ava Svjetska molitvena osmina za jedinstvo kr\u0161\u0107ana.<\/p>\n\n\n\n<p>U \u010detvrtak je nakon ve\u010dernje svete mise klanjanje pred Presvetim.<\/p>\n\n\n\n<p>Sljede\u0107e nedjelje slavimo \u010detvrtu nedjelju kroz godinu.<\/p>\n\n\n\n<p>Ikona Kraljice Franjeva\u010dke obitelji (Ikona Regina Familiae Franciscanae) nastala je 2018. godine u Litvi, ususret 3. europskom kongresu OFS-a i Frame. Blagoslovljena je 17. o\u017eujka 2018. godine u Medininkaiu (Litva) te je po\u010dela svoje hodo\u010da\u0161\u0107e po bratstvima OFS-a i Frame diljem Europe. Cilj hodo\u010da\u0161\u0107a Ikone Kraljice Franjeva\u010dkoga reda je posjeta \u0161to vi\u0161e mjesnih bratstava OFS-a i Frame diljem Europe i tako doprinijeti rastu osje\u0107aja zajedni\u0161tva te pripadnosti obitelji OFS-a i Frame u Europi te svjedo\u010diti zajedni\u0161tvo u molitvi. Hodo\u010da\u0161\u0107e Ikone Kraljice Franjeva\u010dke obitelji po Hrvatskoj je krenulo krajem rujna 2022. godine. Prvi put Ikona je predstavljena na Kongresu hrvatskoga bratstva OFS-a na Taboru u Samoboru. Nakon toga uputila se prema jugu i hodo\u010da\u0161\u0107e je krenulo od Cavtata, Kor\u010dule i Pelje\u0161ca, Splita, Zagreba i dosad je ve\u0107 posjetila brojna bratstva. Svoj put u Hrvatskoj zavr\u0161ava u osje\u010dkome podru\u010dju. Nakon Hrvatske ide u Bosnu i Hercegovinu, a zatim \u0107e u kolovozu nastaviti svoj put u Portugalu na Svjetskom susretu mladih, prije kojega \u0107e biti odr\u017ean i Svjetski susret franjeva\u010dke mlade\u017ei, u Lisabonu. \u010cast nam je da \u0107e Ikona biti i u na\u0161oj \u017eupnoj zajednici od 30. sije\u010dnja do 1. velja\u010de ove godine. Sljede\u0107e nedjelje \u0107emo vas konkretnije obavijestiti o samom programu boravka Ikone u na\u0161oj \u017eupi. <\/p>\n\n\n\n<p>Zahvalni za va\u0161u pomo\u0107 kojom poma\u017eete obnovu na\u0161ih crkava i samostana nastradalih u potresima, preporu\u010damo se i nadalje va\u0161oj dobroti. Svoj nov\u010dani prilog mo\u017eete dati u posebno ozna\u010denu \u0161krabicu pri izlazu iz crkve ili u \u017eupni ured ili direktno uplatiti na ra\u010dun koji se nalazi na plakatu ili letku.<\/p>\n\n\n\n<p>Molimo sve vas koji jo\u0161 nemate \u017eupnu obiteljsku knji\u017eicu ili je potrebno upisati promjene u postoje\u0107e, da se javite u \u017eupni ured u uredovno vrijeme.<\/p>\n\n\n\n<p>Kupujte i \u010ditajte katoli\u010dki vjerski tisak.<\/p>\n","protected":false},"excerpt":{"rendered":"<p>Slavimo tre\u0107u nedjelju kroz godinu koja je ujedno i Nedjelja Bo\u017eje Rije\u010di. Sutra ne\u0107e biti biblijskog sata nakon ve\u010dernje svete mise. U srijedu slavimo Obra\u0107enje sv. Pavla kada i zavr\u0161ava Svjetska molitvena osmina za jedinstvo kr\u0161\u0107ana. U \u010detvrtak je nakon ve\u010dernje svete mise klanjanje pred Presvetim. Sljede\u0107e nedjelje slavimo \u010detvrtu nedjelju kroz godinu. Ikona Kraljice <a href=\"http:\/\/svetaobitelj.hr\/?p=2617\" class=\"more-link\">[&hellip;]<\/a><\/p>\n","protected":false},"author":2,"featured_media":0,"comment_status":"closed","ping_status":"open","sticky":false,"template":"","format":"standard","meta":{"footnotes":""},"categories":[3],"tags":[],"class_list":["entry","author-","post-2617","post","type-post","status-publish","format-standard","category-zupa"],"_links":{"self":[{"href":"http:\/\/svetaobitelj.hr\/index.php?rest_route=\/wp\/v2\/posts\/2617","targetHints":{"allow":["GET"]}}],"collection":[{"href":"http:\/\/svetaobitelj.hr\/index.php?rest_route=\/wp\/v2\/posts"}],"about":[{"href":"http:\/\/svetaobitelj.hr\/index.php?rest_route=\/wp\/v2\/types\/post"}],"author":[{"embeddable":true,"href":"http:\/\/svetaobitelj.hr\/index.php?rest_route=\/wp\/v2\/users\/2"}],"replies":[{"embeddable":true,"href":"http:\/\/svetaobitelj.hr\/index.php?rest_route=%2Fwp%2Fv2%2Fcomments&post=2617"}],"version-history":[{"count":2,"href":"http:\/\/svetaobitelj.hr\/index.php?rest_route=\/wp\/v2\/posts\/2617\/revisions"}],"predecessor-version":[{"id":2619,"href":"http:\/\/svetaobitelj.hr\/index.php?rest_route=\/wp\/v2\/posts\/2617\/revisions\/2619"}],"wp:attachment":[{"href":"http:\/\/svetaobitelj.hr\/index.php?rest_route=%2Fwp%2Fv2%2Fmedia&parent=2617"}],"wp:term":[{"taxonomy":"category","embeddable":true,"href":"http:\/\/svetaobitelj.hr\/index.php?rest_route=%2Fwp%2Fv2%2Fcategories&post=2617"},{"taxonomy":"post_tag","embeddable":true,"href":"http:\/\/svetaobitelj.hr\/index.php?rest_route=%2Fwp%2Fv2%2Ftags&post=2617"}],"curies":[{"name":"wp","href":"https:\/\/api.w.org\/{rel}","templated":true}]}}