{"id":2611,"date":"2023-01-13T09:17:04","date_gmt":"2023-01-13T08:17:04","guid":{"rendered":"https:\/\/svetaobitelj.hr\/?p=2611"},"modified":"2023-01-13T09:17:05","modified_gmt":"2023-01-13T08:17:05","slug":"zupne-obavijesti-2-nedjelja-kroz-godinu-5","status":"publish","type":"post","link":"http:\/\/svetaobitelj.hr\/?p=2611","title":{"rendered":"\u017dupne obavijesti: 2. nedjelja kroz godinu"},"content":{"rendered":"\n<p>Slavimo drugu nedjelju kroz godinu.<\/p>\n\n\n\n<p>Sutra je biblijski sat nakon ve\u010dernje svete mise.<\/p>\n\n\n\n<p>U utorak je nakon ve\u010dernje svete mise susret \u010dlanova udruge Vojske Bezgrje\u0161ne.<\/p>\n\n\n\n<p>U srijedu zapo\u010dinje Svjetska molitvena osmina za jedinstvo kr\u0161\u0107ana.<\/p>\n\n\n\n<p>U \u010detvrtak je u \u017eupnoj crkvi sv. Mihaela u Tvr\u0111i u Osijeku sveta misa u 18:30 sati za pok. Mons. Ivana \u0160e\u0161u prigodom njegove 15. obljetnice smrti. U na\u0161oj \u017eupnoj crkvi je nakon ve\u010dernje svete mise klanjanje pred Presvetim.<\/p>\n\n\n\n<p>Sljede\u0107e nedjelje slavimo tre\u0107u nedjelju kroz godinu koja je ujedno i Nedjelja Bo\u017eje Rije\u010di.<\/p>\n\n\n\n<p>\u017dupnih kateheza nema do velja\u010de.<\/p>\n\n\n\n<p>Odlukom uprave na\u0161e Provincije, fra Stjepan Hrka\u010d premje\u0161ten je u Na\u0161ice gdje \u0107e biti \u017eupni vikar, a u na\u0161oj \u0107e \u017eupi \u017eupni vikar biti fra Ivan Ivankovi\u0107, pro\u0161logodi\u0161nji mladomisnik. Iskreno zahvaljujemo fra Stjepanu na svemu \u0161to je \u010dinio za na\u0161e vjernike u \u017eupi, a ujedno izra\u017eavamo dobrodo\u0161licu fra Ivanu.<\/p>\n\n\n\n<p>Zahvalni za va\u0161u pomo\u0107 kojom poma\u017eete obnovu na\u0161ih crkava i samostana nastradalih u potresima, preporu\u010damo se i nadalje va\u0161oj dobroti. Svoj nov\u010dani prilog mo\u017eete dati u posebno ozna\u010denu \u0161krabicu pri izlazu iz crkve ili u \u017eupni ured ili direktno uplatiti na ra\u010dun koji se nalazi na plakatu ili letku.<\/p>\n\n\n\n<p>Molimo sve vas koji jo\u0161 nemate \u017eupnu obiteljsku knji\u017eicu ili je potrebno upisati promjene u postoje\u0107e, da se javite u \u017eupni ured u uredovno vrijeme.<\/p>\n\n\n\n<p>Kupujte i \u010ditajte katoli\u010dki vjerski tisak.<\/p>\n","protected":false},"excerpt":{"rendered":"<p>Slavimo drugu nedjelju kroz godinu. Sutra je biblijski sat nakon ve\u010dernje svete mise. U utorak je nakon ve\u010dernje svete mise susret \u010dlanova udruge Vojske Bezgrje\u0161ne. U srijedu zapo\u010dinje Svjetska molitvena osmina za jedinstvo kr\u0161\u0107ana. U \u010detvrtak je u \u017eupnoj crkvi sv. Mihaela u Tvr\u0111i u Osijeku sveta misa u 18:30 sati za pok. Mons. Ivana <a href=\"http:\/\/svetaobitelj.hr\/?p=2611\" class=\"more-link\">[&hellip;]<\/a><\/p>\n","protected":false},"author":2,"featured_media":0,"comment_status":"closed","ping_status":"open","sticky":false,"template":"","format":"standard","meta":{"footnotes":""},"categories":[3],"tags":[],"class_list":["entry","author-","post-2611","post","type-post","status-publish","format-standard","category-zupa"],"_links":{"self":[{"href":"http:\/\/svetaobitelj.hr\/index.php?rest_route=\/wp\/v2\/posts\/2611","targetHints":{"allow":["GET"]}}],"collection":[{"href":"http:\/\/svetaobitelj.hr\/index.php?rest_route=\/wp\/v2\/posts"}],"about":[{"href":"http:\/\/svetaobitelj.hr\/index.php?rest_route=\/wp\/v2\/types\/post"}],"author":[{"embeddable":true,"href":"http:\/\/svetaobitelj.hr\/index.php?rest_route=\/wp\/v2\/users\/2"}],"replies":[{"embeddable":true,"href":"http:\/\/svetaobitelj.hr\/index.php?rest_route=%2Fwp%2Fv2%2Fcomments&post=2611"}],"version-history":[{"count":2,"href":"http:\/\/svetaobitelj.hr\/index.php?rest_route=\/wp\/v2\/posts\/2611\/revisions"}],"predecessor-version":[{"id":2614,"href":"http:\/\/svetaobitelj.hr\/index.php?rest_route=\/wp\/v2\/posts\/2611\/revisions\/2614"}],"wp:attachment":[{"href":"http:\/\/svetaobitelj.hr\/index.php?rest_route=%2Fwp%2Fv2%2Fmedia&parent=2611"}],"wp:term":[{"taxonomy":"category","embeddable":true,"href":"http:\/\/svetaobitelj.hr\/index.php?rest_route=%2Fwp%2Fv2%2Fcategories&post=2611"},{"taxonomy":"post_tag","embeddable":true,"href":"http:\/\/svetaobitelj.hr\/index.php?rest_route=%2Fwp%2Fv2%2Ftags&post=2611"}],"curies":[{"name":"wp","href":"https:\/\/api.w.org\/{rel}","templated":true}]}}