{"id":2598,"date":"2023-01-04T22:11:20","date_gmt":"2023-01-04T21:11:20","guid":{"rendered":"http:\/\/svetaobitelj.hr\/?p=2598"},"modified":"2023-01-07T19:32:21","modified_gmt":"2023-01-07T18:32:21","slug":"isusevolim-te","status":"publish","type":"post","link":"http:\/\/svetaobitelj.hr\/?p=2598","title":{"rendered":"Isuse,volim te!!"},"content":{"rendered":"\n<div class=\"wp-block-image\"><figure class=\"aligncenter size-large\"><img loading=\"lazy\" decoding=\"async\" width=\"720\" height=\"405\" src=\"http:\/\/svetaobitelj.hr\/wp-content\/uploads\/2023\/01\/SmartSize.jpeg\" alt=\"\" class=\"wp-image-2599\" srcset=\"http:\/\/svetaobitelj.hr\/wp-content\/uploads\/2023\/01\/SmartSize.jpeg 720w, http:\/\/svetaobitelj.hr\/wp-content\/uploads\/2023\/01\/SmartSize-300x169.jpeg 300w\" sizes=\"auto, (max-width: 720px) 100vw, 720px\" \/><\/figure><\/div>\n\n\n\n<p>Ovako je Papa Benedikt XVI govorio o vje\u010dnosti:<\/p>\n\n\n\n<p>&#8221;&nbsp;Bog je tako velik da mi nikada nismo gotovi. On je uvijek nov. Postoji stalno, beskrajno kretanje novoga otkrivanja i nove radosti. Takve se stvari pojavljuju u teolo\u0161komu smislu. No istodobno postoji i posve ljudska strana da se radujem tomu \u0161to \u0107u ponovno biti sa svojim roditeljima, svojom bra\u0107om i sestrama, svojim prijateljima i zami\u0161ljam da \u0107e opet biti onako lijepo kako je bilo kod nas kod ku\u0107e.&#8221;<\/p>\n\n\n\n<p>Isuse, volim Te! To su bile zadnje rije\u010di na\u0161ega Pape emeritusa kada je napustio ovaj svijet 31.12.2022. godine. Vjerujemo da ve\u0107 u Vje\u010dnosti gleda Gospodina i zagovara za sve nas. Vjerujemo da je &#8220;kod ku\u0107e&#8221;. Po\u010divaj u miru Bo\u017ejem dragi na\u0161 Papa Benedikt XVI.<\/p>\n","protected":false},"excerpt":{"rendered":"<p>Ovako je Papa Benedikt XVI govorio o vje\u010dnosti: &#8221;&nbsp;Bog je tako velik da mi nikada nismo gotovi. On je uvijek nov. Postoji stalno, beskrajno kretanje novoga otkrivanja i nove radosti. Takve se stvari pojavljuju u teolo\u0161komu smislu. No istodobno postoji i posve ljudska strana da se radujem tomu \u0161to \u0107u ponovno biti sa svojim roditeljima, <a href=\"http:\/\/svetaobitelj.hr\/?p=2598\" class=\"more-link\">[&hellip;]<\/a><\/p>\n","protected":false},"author":2,"featured_media":0,"comment_status":"closed","ping_status":"open","sticky":false,"template":"","format":"standard","meta":{"footnotes":""},"categories":[3],"tags":[],"class_list":["entry","author-","post-2598","post","type-post","status-publish","format-standard","category-zupa"],"_links":{"self":[{"href":"http:\/\/svetaobitelj.hr\/index.php?rest_route=\/wp\/v2\/posts\/2598","targetHints":{"allow":["GET"]}}],"collection":[{"href":"http:\/\/svetaobitelj.hr\/index.php?rest_route=\/wp\/v2\/posts"}],"about":[{"href":"http:\/\/svetaobitelj.hr\/index.php?rest_route=\/wp\/v2\/types\/post"}],"author":[{"embeddable":true,"href":"http:\/\/svetaobitelj.hr\/index.php?rest_route=\/wp\/v2\/users\/2"}],"replies":[{"embeddable":true,"href":"http:\/\/svetaobitelj.hr\/index.php?rest_route=%2Fwp%2Fv2%2Fcomments&post=2598"}],"version-history":[{"count":3,"href":"http:\/\/svetaobitelj.hr\/index.php?rest_route=\/wp\/v2\/posts\/2598\/revisions"}],"predecessor-version":[{"id":2602,"href":"http:\/\/svetaobitelj.hr\/index.php?rest_route=\/wp\/v2\/posts\/2598\/revisions\/2602"}],"wp:attachment":[{"href":"http:\/\/svetaobitelj.hr\/index.php?rest_route=%2Fwp%2Fv2%2Fmedia&parent=2598"}],"wp:term":[{"taxonomy":"category","embeddable":true,"href":"http:\/\/svetaobitelj.hr\/index.php?rest_route=%2Fwp%2Fv2%2Fcategories&post=2598"},{"taxonomy":"post_tag","embeddable":true,"href":"http:\/\/svetaobitelj.hr\/index.php?rest_route=%2Fwp%2Fv2%2Ftags&post=2598"}],"curies":[{"name":"wp","href":"https:\/\/api.w.org\/{rel}","templated":true}]}}