{"id":2595,"date":"2023-01-03T14:03:14","date_gmt":"2023-01-03T13:03:14","guid":{"rendered":"https:\/\/svetaobitelj.hr\/?p=2595"},"modified":"2023-01-03T14:03:15","modified_gmt":"2023-01-03T13:03:15","slug":"bozicni-tramvaj","status":"publish","type":"post","link":"http:\/\/svetaobitelj.hr\/?p=2595","title":{"rendered":"Bo\u017ei\u0107ni tramvaj&#8230;"},"content":{"rendered":"\n<p>Kakvi bi mi to bili Osje\u010dani da se nismo provozali najljep\u0161im bo\u017ei\u0107nim tramvajem po na\u0161em mi\u0161ljenju u Europi&#8230; Najvjernije ministrante i pjeva\u010de dje\u010djeg zbora na\u0161e \u017eupe nagradili smo za sav trud, redovne dolaske na svete mise i ljubav prema \u017eupi i Isusu. Njihovi osmjesi tijekom vo\u017enje govore vi\u0161e od rije\u010di.\u00a0 Podijelili smo i slatki\u0161e kojima nas je darivao \u017eupnik fra Dragutin i \u010ditavu vo\u017enju proveli u prekrasnom ambijentu i dru\u017eenju. Ovim putem zahvaljujemo GPP-u na darivanoj vo\u017enji, posebice direktoru gospodinu Dejanu Rusmirovi\u0107u i gospo\u0111i Sanji Mr\u0161o, te gospodinu voza\u010du koji nas je sigurno provozao \u010ditavim gradom. Gledaju\u0107i ih koliko su bili radosni sje\u0107amo se Isusovih rije\u010di: \u201cBudite kao djeca\u201d!!! Svima vam \u017eelimo barem trunku iskrene dje\u010dje radosti i mira u srcu&#8230;<\/p>\n\n\n\n<div class=\"wp-block-image\"><figure class=\"aligncenter size-large\"><img loading=\"lazy\" decoding=\"async\" width=\"1024\" height=\"768\" src=\"https:\/\/svetaobitelj.hr\/wp-content\/uploads\/2023\/01\/IMG-5785010af3e13a1dd62f471dd7f95742-V-1024x768.jpg\" alt=\"\" class=\"wp-image-2596\" srcset=\"http:\/\/svetaobitelj.hr\/wp-content\/uploads\/2023\/01\/IMG-5785010af3e13a1dd62f471dd7f95742-V-1024x768.jpg 1024w, http:\/\/svetaobitelj.hr\/wp-content\/uploads\/2023\/01\/IMG-5785010af3e13a1dd62f471dd7f95742-V-300x225.jpg 300w, http:\/\/svetaobitelj.hr\/wp-content\/uploads\/2023\/01\/IMG-5785010af3e13a1dd62f471dd7f95742-V-768x576.jpg 768w, http:\/\/svetaobitelj.hr\/wp-content\/uploads\/2023\/01\/IMG-5785010af3e13a1dd62f471dd7f95742-V-1536x1152.jpg 1536w, http:\/\/svetaobitelj.hr\/wp-content\/uploads\/2023\/01\/IMG-5785010af3e13a1dd62f471dd7f95742-V.jpg 1600w\" sizes=\"auto, (max-width: 1024px) 100vw, 1024px\" \/><\/figure><\/div>\n\n\n\n<p><\/p>\n","protected":false},"excerpt":{"rendered":"<p>Kakvi bi mi to bili Osje\u010dani da se nismo provozali najljep\u0161im bo\u017ei\u0107nim tramvajem po na\u0161em mi\u0161ljenju u Europi&#8230; Najvjernije ministrante i pjeva\u010de dje\u010djeg zbora na\u0161e \u017eupe nagradili smo za sav trud, redovne dolaske na svete mise i ljubav prema \u017eupi i Isusu. Njihovi osmjesi tijekom vo\u017enje govore vi\u0161e od rije\u010di.\u00a0 Podijelili smo i slatki\u0161e kojima <a href=\"http:\/\/svetaobitelj.hr\/?p=2595\" class=\"more-link\">[&hellip;]<\/a><\/p>\n","protected":false},"author":2,"featured_media":0,"comment_status":"closed","ping_status":"open","sticky":false,"template":"","format":"standard","meta":{"footnotes":""},"categories":[3],"tags":[],"class_list":["entry","author-","post-2595","post","type-post","status-publish","format-standard","category-zupa"],"_links":{"self":[{"href":"http:\/\/svetaobitelj.hr\/index.php?rest_route=\/wp\/v2\/posts\/2595","targetHints":{"allow":["GET"]}}],"collection":[{"href":"http:\/\/svetaobitelj.hr\/index.php?rest_route=\/wp\/v2\/posts"}],"about":[{"href":"http:\/\/svetaobitelj.hr\/index.php?rest_route=\/wp\/v2\/types\/post"}],"author":[{"embeddable":true,"href":"http:\/\/svetaobitelj.hr\/index.php?rest_route=\/wp\/v2\/users\/2"}],"replies":[{"embeddable":true,"href":"http:\/\/svetaobitelj.hr\/index.php?rest_route=%2Fwp%2Fv2%2Fcomments&post=2595"}],"version-history":[{"count":1,"href":"http:\/\/svetaobitelj.hr\/index.php?rest_route=\/wp\/v2\/posts\/2595\/revisions"}],"predecessor-version":[{"id":2597,"href":"http:\/\/svetaobitelj.hr\/index.php?rest_route=\/wp\/v2\/posts\/2595\/revisions\/2597"}],"wp:attachment":[{"href":"http:\/\/svetaobitelj.hr\/index.php?rest_route=%2Fwp%2Fv2%2Fmedia&parent=2595"}],"wp:term":[{"taxonomy":"category","embeddable":true,"href":"http:\/\/svetaobitelj.hr\/index.php?rest_route=%2Fwp%2Fv2%2Fcategories&post=2595"},{"taxonomy":"post_tag","embeddable":true,"href":"http:\/\/svetaobitelj.hr\/index.php?rest_route=%2Fwp%2Fv2%2Ftags&post=2595"}],"curies":[{"name":"wp","href":"https:\/\/api.w.org\/{rel}","templated":true}]}}