{"id":2589,"date":"2023-01-01T11:04:48","date_gmt":"2023-01-01T10:04:48","guid":{"rendered":"http:\/\/svetaobitelj.hr\/?p=2589"},"modified":"2023-01-01T11:04:48","modified_gmt":"2023-01-01T10:04:48","slug":"statistika-zupe-sv-obitelji-za-2022-godinu","status":"publish","type":"post","link":"http:\/\/svetaobitelj.hr\/?p=2589","title":{"rendered":"STATISTIKA \u017dUPE SV. OBITELJI ZA 2022. GODINU"},"content":{"rendered":"\n<p>2021\/2022<\/p>\n\n\n\n<p><strong>KR\u0160TENJA<\/strong> 52\/77<\/p>\n\n\n\n<p>mu\u0161kih 34\/29                                                                                                                                                              <\/p>\n\n\n\n<p>\u017eenskih 18\/48                                                                                                                                                                  <\/p>\n\n\n\n<p>zakonitih roditelja 31\/41                                                                                                                                                    <\/p>\n\n\n\n<p>gra\u0111ansko pravno zakonitih 16\/20                                                                                                                         <\/p>\n\n\n\n<p>nezakonitih 5\/16<\/p>\n\n\n\n<p><strong>PRVOPRI\u010cESNIKA<\/strong> 86\/64<\/p>\n\n\n\n<p><strong>KRIZMANIKA<\/strong> 120\/76<\/p>\n\n\n\n<p><strong>VJEN\u010cANJA <\/strong>17\/20<\/p>\n\n\n\n<p><strong>POHODA BOLESNICIMA<\/strong> 78\/100<\/p>\n\n\n\n<p><strong>SPROVODA<\/strong> 137\/120<\/p>\n\n\n\n<p>mu\u0161kih 56\/62<\/p>\n\n\n\n<p>\u017eenskih 81\/58<\/p>\n\n\n\n<p>primilo sakramente 62\/61<\/p>\n\n\n\n<p>bez sakramenata 75\/59<\/p>\n\n\n\n<p><strong>PRI\u010cESTI<\/strong> 54.000\/61.000<\/p>\n\n\n\n<p><strong>EKSKURZIJE<\/strong> (pastoralno djelovanje izvan \u017dupe) 50\/99<\/p>\n\n\n\n<p><strong>Prema \u017eupnim obiteljskim knji\u017eicama imamo u \u017eupi 2994 obitelji s 8494 \u010dlana od kojih je 8349 katolika.<\/strong><\/p>\n","protected":false},"excerpt":{"rendered":"<p>2021\/2022 KR\u0160TENJA 52\/77 mu\u0161kih 34\/29 \u017eenskih 18\/48 zakonitih roditelja 31\/41 gra\u0111ansko pravno zakonitih 16\/20 nezakonitih 5\/16 PRVOPRI\u010cESNIKA 86\/64 KRIZMANIKA 120\/76 VJEN\u010cANJA 17\/20 POHODA BOLESNICIMA 78\/100 SPROVODA 137\/120 mu\u0161kih 56\/62 \u017eenskih 81\/58 primilo sakramente 62\/61 bez sakramenata 75\/59 PRI\u010cESTI 54.000\/61.000 EKSKURZIJE (pastoralno djelovanje izvan \u017dupe) 50\/99 Prema \u017eupnim obiteljskim knji\u017eicama imamo u \u017eupi 2994 obitelji s <a href=\"http:\/\/svetaobitelj.hr\/?p=2589\" class=\"more-link\">[&hellip;]<\/a><\/p>\n","protected":false},"author":2,"featured_media":0,"comment_status":"closed","ping_status":"open","sticky":false,"template":"","format":"standard","meta":{"footnotes":""},"categories":[3],"tags":[],"class_list":["entry","author-","post-2589","post","type-post","status-publish","format-standard","category-zupa"],"_links":{"self":[{"href":"http:\/\/svetaobitelj.hr\/index.php?rest_route=\/wp\/v2\/posts\/2589","targetHints":{"allow":["GET"]}}],"collection":[{"href":"http:\/\/svetaobitelj.hr\/index.php?rest_route=\/wp\/v2\/posts"}],"about":[{"href":"http:\/\/svetaobitelj.hr\/index.php?rest_route=\/wp\/v2\/types\/post"}],"author":[{"embeddable":true,"href":"http:\/\/svetaobitelj.hr\/index.php?rest_route=\/wp\/v2\/users\/2"}],"replies":[{"embeddable":true,"href":"http:\/\/svetaobitelj.hr\/index.php?rest_route=%2Fwp%2Fv2%2Fcomments&post=2589"}],"version-history":[{"count":4,"href":"http:\/\/svetaobitelj.hr\/index.php?rest_route=\/wp\/v2\/posts\/2589\/revisions"}],"predecessor-version":[{"id":2593,"href":"http:\/\/svetaobitelj.hr\/index.php?rest_route=\/wp\/v2\/posts\/2589\/revisions\/2593"}],"wp:attachment":[{"href":"http:\/\/svetaobitelj.hr\/index.php?rest_route=%2Fwp%2Fv2%2Fmedia&parent=2589"}],"wp:term":[{"taxonomy":"category","embeddable":true,"href":"http:\/\/svetaobitelj.hr\/index.php?rest_route=%2Fwp%2Fv2%2Fcategories&post=2589"},{"taxonomy":"post_tag","embeddable":true,"href":"http:\/\/svetaobitelj.hr\/index.php?rest_route=%2Fwp%2Fv2%2Ftags&post=2589"}],"curies":[{"name":"wp","href":"https:\/\/api.w.org\/{rel}","templated":true}]}}