{"id":2418,"date":"2022-09-10T09:32:31","date_gmt":"2022-09-10T08:32:31","guid":{"rendered":"http:\/\/svetaobitelj.hr\/?p=2418"},"modified":"2022-09-12T09:45:38","modified_gmt":"2022-09-12T08:45:38","slug":"zupne-obavijesti-24-nedjelja-kroz-godinu-5","status":"publish","type":"post","link":"http:\/\/svetaobitelj.hr\/?p=2418","title":{"rendered":"\u017dupne obavijesti: 24. nedjelja kroz godinu"},"content":{"rendered":"\n<p><strong>Slavimo<\/strong><strong> dvadeset i \u010detvrtu nedjelju kroz godinu. Redoviti susret \u010dlanova Mjesnoga bratstva OFS-a je u 16:30 sati.<\/strong><\/p>\n\n\n\n<p><strong>Sutra je u \u017eupi Preslavnoga Imena Marijina u Osijeku crkveni god.<\/strong><\/p>\n\n\n\n<p><strong>U utorak je nakon ve\u010dernje svete mise susret \u010dlanova udruge Vojske Bezgre\u0161ne.<\/strong><\/p>\n\n\n\n<p><strong>U srijedu slavimo Uzvi\u0161enje Sv. Kri\u017ea. Crkveni je god u istoimenoj \u017eupi u Osijeku.<\/strong><\/p>\n\n\n\n<p><strong>U \u010detvrtak slavimo Bla\u017eenu Djevicu Mariju \u017dalosnu. Klanjanje pred Presvetim je nakon ve\u010dernje svete mise.<\/strong><\/p>\n\n\n\n<p><strong>Probe pjevanja na\u0161ih zborova su: petkom nakon ve\u010dernje svete mise probe pjevanja na\u0161ega crkvenog mje\u0161ovitog zbora, a subotom probe pjevanja djece u 11:00 sati.<\/strong><\/p>\n\n\n\n<p><strong>U subotu slavimo Rane svetoga Franje Asi\u0161koga, a susret na\u0161ih ministranata je u 11:00 sati.<\/strong><\/p>\n\n\n\n<p><strong>Sljede\u0107e nedjelje slavimo dvadeset i petu nedjelju kroz godinu.<\/strong><\/p>\n\n\n\n<p><strong>Pozvani smo uklju\u010diti se u akciju \u201eDjelo sv. Petra\u201c \u010dime poma\u017eemo misionarima uplatom misnih intencija. Tko \u017eeli na taj na\u010din pomo\u0107i, mo\u017ee u \u017eupnom uredu uplatiti misnu nakanu koja \u0107e biti proslije\u0111ena misionarima.&nbsp; <\/strong><strong><\/strong><\/p>\n\n\n\n<p><strong>Prijave za \u017eupne kateheze bit \u0107e u \u017eupnom uredu od 19. \u2013 21. rujna ove godine od 8:30 \u2013 11:00 te od 16:00 \u2013 18:00 sati (ponedjeljak, utorak i srijeda). \u017dupne kateheze su obvezne uz \u0161kolski vjeronauk i poha\u0111anje svetih misa kao priprava za primanje prve sv. ispovijedi, prve sv. pri\u010desti i sv. potvrde. Kateheze su za prve, druge, tre\u0107e i osme razrede osnovnih \u0161kola te prve i druge razrede srednjih \u0161kola. Kod prijave potrebno je donijeti \u017eupnu obiteljsku knji\u017eicu.<\/strong><\/p>\n\n\n\n<p><strong>Zahvalni za va\u0161u pomo\u0107 kojom poma\u017eete obnovu na\u0161ih crkava i samostana nastradalih u potresima, preporu\u010damo se i nadalje va\u0161oj dobroti. Svoj nov\u010dani prilog mo\u017eete dati u posebno ozna\u010denu \u0161krabicu pri izlazu iz crkve ili u \u017eupni ured ili direktno uplatiti na ra\u010dun koji se nalazi na plakatu ili letku.<\/strong><\/p>\n\n\n\n<p><strong>Molimo sve vas koji jo\u0161 nemate \u017eupnu obiteljsku knji\u017eicu ili je potrebno upisati promjene u postoje\u0107e, da se javite u \u017eupni ured. Kupujte i \u010ditajte katoli\u010dki vjerski tisak.<\/strong><\/p>\n","protected":false},"excerpt":{"rendered":"<p>Slavimo dvadeset i \u010detvrtu nedjelju kroz godinu. Redoviti susret \u010dlanova Mjesnoga bratstva OFS-a je u 16:30 sati. Sutra je u \u017eupi Preslavnoga Imena Marijina u Osijeku crkveni god. U utorak je nakon ve\u010dernje svete mise susret \u010dlanova udruge Vojske Bezgre\u0161ne. U srijedu slavimo Uzvi\u0161enje Sv. Kri\u017ea. Crkveni je god u istoimenoj \u017eupi u Osijeku. U <a href=\"http:\/\/svetaobitelj.hr\/?p=2418\" class=\"more-link\">[&hellip;]<\/a><\/p>\n","protected":false},"author":2,"featured_media":0,"comment_status":"closed","ping_status":"open","sticky":false,"template":"","format":"standard","meta":{"footnotes":""},"categories":[3],"tags":[],"class_list":["entry","author-","post-2418","post","type-post","status-publish","format-standard","category-zupa"],"_links":{"self":[{"href":"http:\/\/svetaobitelj.hr\/index.php?rest_route=\/wp\/v2\/posts\/2418","targetHints":{"allow":["GET"]}}],"collection":[{"href":"http:\/\/svetaobitelj.hr\/index.php?rest_route=\/wp\/v2\/posts"}],"about":[{"href":"http:\/\/svetaobitelj.hr\/index.php?rest_route=\/wp\/v2\/types\/post"}],"author":[{"embeddable":true,"href":"http:\/\/svetaobitelj.hr\/index.php?rest_route=\/wp\/v2\/users\/2"}],"replies":[{"embeddable":true,"href":"http:\/\/svetaobitelj.hr\/index.php?rest_route=%2Fwp%2Fv2%2Fcomments&post=2418"}],"version-history":[{"count":2,"href":"http:\/\/svetaobitelj.hr\/index.php?rest_route=\/wp\/v2\/posts\/2418\/revisions"}],"predecessor-version":[{"id":2421,"href":"http:\/\/svetaobitelj.hr\/index.php?rest_route=\/wp\/v2\/posts\/2418\/revisions\/2421"}],"wp:attachment":[{"href":"http:\/\/svetaobitelj.hr\/index.php?rest_route=%2Fwp%2Fv2%2Fmedia&parent=2418"}],"wp:term":[{"taxonomy":"category","embeddable":true,"href":"http:\/\/svetaobitelj.hr\/index.php?rest_route=%2Fwp%2Fv2%2Fcategories&post=2418"},{"taxonomy":"post_tag","embeddable":true,"href":"http:\/\/svetaobitelj.hr\/index.php?rest_route=%2Fwp%2Fv2%2Ftags&post=2418"}],"curies":[{"name":"wp","href":"https:\/\/api.w.org\/{rel}","templated":true}]}}