{"id":2406,"date":"2022-09-02T08:55:18","date_gmt":"2022-09-02T07:55:18","guid":{"rendered":"http:\/\/svetaobitelj.hr\/?p=2406"},"modified":"2022-09-03T18:31:16","modified_gmt":"2022-09-03T17:31:16","slug":"23-nedjelja-kroz-godinu","status":"publish","type":"post","link":"http:\/\/svetaobitelj.hr\/?p=2406","title":{"rendered":"\u017dupne obavijesti:23. nedjelja kroz godinu"},"content":{"rendered":"\n<p><strong>Slavimo<\/strong><strong> dvadeset i tre\u0107u nedjelju kroz godinu. Prestaje ljetni nedjeljni raspored svetih misa tako da su od danas svete mise nedjeljom u 7:00, 9:00, 11:00 i 18:30 sati. Prva je nedjelja u mjesecu kada se svojim molitvama i nov\u010danim prilozima sje\u0107amo na\u0161ih odgojnih ustanova \u2013 sjemeni\u0161ta te molimo za duhovna zvanja. Svoj nov\u010dani prilog za sjemeni\u0161ta mo\u017eete dati na izlazu iz crkve.<\/strong><\/p>\n\n\n\n<p><strong>U srijedu slavimo sv. Marka Kri\u017eev\u010danina, prezbitera i mu\u010denika. Nakon ve\u010dernje svete mise susret je na\u0161e \u017eupne molitvene skupine.<\/strong><\/p>\n\n\n\n<p><strong>U \u010detvrtak slavimo Ro\u0111enje Bla\u017eene Djevice Marije \u2013 Malu Gospu. Svete mise su u 7:30 i 18:30 sati.<\/strong><\/p>\n\n\n\n<p><strong>U petak je pobo\u017enost na \u010dast bl. Mariji Petkovi\u0107 u 18:15 sati.<\/strong><\/p>\n\n\n\n<p><strong>Sljede\u0107e nedjelje slavimo dvadeset i \u010detvrtu nedjelju kroz godinu. Redoviti susret \u010dlanova Mjesnoga bratstva OFS-a bit \u0107e u 16:30 sati.<\/strong><\/p>\n\n\n\n<p><strong>Pozvani smo uklju\u010diti se u akciju \u201eDjelo sv. Petra\u201c \u010dime poma\u017eemo misionarima uplatom misnih intencija. Tko \u017eeli na taj na\u010din pomo\u0107i, mo\u017ee u \u017eupnom uredu uplatiti misnu nakanu koja \u0107e biti proslije\u0111ena misionarima.&nbsp;<\/strong><\/p>\n\n\n\n<p><strong>Ovogodi\u0161nji katekumenat punoljetnih osoba za primanje sakramenata kr\u0161\u0107anske inicijacije zapo\u010det \u0107e 04. listopada u 19:15 sati u Nadbiskupijskom vikarijatu u Osijeku. Susreti \u0107e se odr\u017eavati redovito utorkom u 19.15 sati.&nbsp; Nije se potrebno unaprijed prijavljivati, nego je dovoljno do\u0107i na prvi susret kada \u0107e biti i upis.<\/strong><strong><\/strong><\/p>\n\n\n\n<p><strong>Prijave za \u017eupne kateheze bit \u0107e u \u017eupnom uredu od 19. do 21. rujna ove godine (ponedjeljak, utorak i srijeda) od 8:30 \u2013 11:00 te od 16:00 \u2013 18:00 sati. \u017dupne kateheze su obvezne uz \u0161kolski vjeronauk i poha\u0111anje svetih misa kao priprava za primanje prve sv. ispovijedi, prve sv. pri\u010desti i sv. potvrde. Kateheze su za prve, druge, tre\u0107e i osme razrede osnovnih \u0161kola te prve i druge razrede srednjih \u0161kola. Kod prijave potrebno je donijeti \u017eupnu obiteljsku knji\u017eicu.<\/strong><\/p>\n\n\n\n<p><strong>Zahvalni za va\u0161u pomo\u0107 kojom poma\u017eete obnovu na\u0161ih crkava i samostana nastradalih u potresima, preporu\u010damo se i nadalje va\u0161oj dobroti. Svoj nov\u010dani prilog mo\u017eete dati u posebno ozna\u010denu \u0161krabicu pri izlazu iz crkve ili u \u017eupni ured ili direktno uplatiti na ra\u010dun koji se nalazi na plakatu ili letku.<\/strong><\/p>\n\n\n\n<p><strong>Molimo sve vas koji jo\u0161 nemate \u017eupnu obiteljsku knji\u017eicu ili je potrebno upisati promjene u postoje\u0107e, da se javite u \u017eupni ured.<\/strong><\/p>\n\n\n\n<p><strong>Kupujte i \u010ditajte katoli\u010dki vjerski tisak.<\/strong><\/p>\n","protected":false},"excerpt":{"rendered":"<p>Slavimo dvadeset i tre\u0107u nedjelju kroz godinu. Prestaje ljetni nedjeljni raspored svetih misa tako da su od danas svete mise nedjeljom u 7:00, 9:00, 11:00 i 18:30 sati. Prva je nedjelja u mjesecu kada se svojim molitvama i nov\u010danim prilozima sje\u0107amo na\u0161ih odgojnih ustanova \u2013 sjemeni\u0161ta te molimo za duhovna zvanja. Svoj nov\u010dani prilog za <a href=\"http:\/\/svetaobitelj.hr\/?p=2406\" class=\"more-link\">[&hellip;]<\/a><\/p>\n","protected":false},"author":2,"featured_media":0,"comment_status":"closed","ping_status":"open","sticky":false,"template":"","format":"standard","meta":{"footnotes":""},"categories":[3],"tags":[],"class_list":["entry","author-","post-2406","post","type-post","status-publish","format-standard","category-zupa"],"_links":{"self":[{"href":"http:\/\/svetaobitelj.hr\/index.php?rest_route=\/wp\/v2\/posts\/2406","targetHints":{"allow":["GET"]}}],"collection":[{"href":"http:\/\/svetaobitelj.hr\/index.php?rest_route=\/wp\/v2\/posts"}],"about":[{"href":"http:\/\/svetaobitelj.hr\/index.php?rest_route=\/wp\/v2\/types\/post"}],"author":[{"embeddable":true,"href":"http:\/\/svetaobitelj.hr\/index.php?rest_route=\/wp\/v2\/users\/2"}],"replies":[{"embeddable":true,"href":"http:\/\/svetaobitelj.hr\/index.php?rest_route=%2Fwp%2Fv2%2Fcomments&post=2406"}],"version-history":[{"count":4,"href":"http:\/\/svetaobitelj.hr\/index.php?rest_route=\/wp\/v2\/posts\/2406\/revisions"}],"predecessor-version":[{"id":2411,"href":"http:\/\/svetaobitelj.hr\/index.php?rest_route=\/wp\/v2\/posts\/2406\/revisions\/2411"}],"wp:attachment":[{"href":"http:\/\/svetaobitelj.hr\/index.php?rest_route=%2Fwp%2Fv2%2Fmedia&parent=2406"}],"wp:term":[{"taxonomy":"category","embeddable":true,"href":"http:\/\/svetaobitelj.hr\/index.php?rest_route=%2Fwp%2Fv2%2Fcategories&post=2406"},{"taxonomy":"post_tag","embeddable":true,"href":"http:\/\/svetaobitelj.hr\/index.php?rest_route=%2Fwp%2Fv2%2Ftags&post=2406"}],"curies":[{"name":"wp","href":"https:\/\/api.w.org\/{rel}","templated":true}]}}