{"id":2404,"date":"2022-08-26T18:28:46","date_gmt":"2022-08-26T17:28:46","guid":{"rendered":"http:\/\/svetaobitelj.hr\/?p=2404"},"modified":"2022-08-26T18:28:46","modified_gmt":"2022-08-26T17:28:46","slug":"zupne-obavijesti-22-nedjelja-kroz-godinu-5","status":"publish","type":"post","link":"http:\/\/svetaobitelj.hr\/?p=2404","title":{"rendered":"\u017dupne obavijesti: 22. nedjelja kroz godinu"},"content":{"rendered":"\n<p><strong>Slavimo<\/strong><strong> dvadeset i drugu nedjelju kroz godinu.<\/strong><\/p>\n\n\n\n<p><strong>Sutra slavimo Mu\u010deni\u0161tvo sv. Ivana Krstitelja.<\/strong><\/p>\n\n\n\n<p><strong>U srijedu je nakon ve\u010dernje svete mise susret na\u0161e \u017eupne molitvene skupine.<\/strong><\/p>\n\n\n\n<p><strong>U \u010detvrtak je klanjanje pred Presvetim nakon ve\u010dernje svete mise.<\/strong><\/p>\n\n\n\n<p><strong>U subotu slavimo sv. Grgura Velikog, papu i crkvenog nau\u010ditelja. Pod ve\u010dernjom svetom misom molimo za duhovna zvanja budu\u0107i da je prva subota u mjesecu.<\/strong><\/p>\n\n\n\n<p><strong>Ovogodi\u0161nji katekumenat punoljetnih osoba za primanje sakramenata kr\u0161\u0107anske inicijacije zapo\u010det \u0107e 04. listopada u 19:15 sati u Nadbiskupijskom vikarijatu u Osijeku. Susreti \u0107e se odr\u017eavati redovito utorkom u 19.15 sati.&nbsp; Nije se potrebno unaprijed prijavljivati, nego je dovoljno do\u0107i na prvi susret kada \u0107e biti i upis.<\/strong><strong><\/strong><\/p>\n\n\n\n<p><strong>Sljede\u0107e nedjelje slavimo dvadeset i tre\u0107u nedjelju kroz godinu. Prestaje ljetni nedjeljni raspored svetih misa tako da su od sljede\u0107e nedjelje svete mise u 7:00, 9:00, 11:00 i 18:30 sati. Prva je nedjelja u mjesecu kada se svojim molitvama i nov\u010danim prilozima sje\u0107amo na\u0161ih odgojnih ustanova \u2013 sjemeni\u0161ta te molimo za duhovna zvanja. Pod jutarnjom svetom misom molit \u0107emo za dobro\u010dinitelje ove na\u0161e crkve i samostana.<\/strong><\/p>\n\n\n\n<p><strong>Pozvani smo uklju\u010diti se u akciju \u201eDjelo sv. Petra\u201c \u010dime poma\u017eemo misionarima uplatom misnih intencija. Tko \u017eeli na taj na\u010din pomo\u0107i, mo\u017ee u \u017eupnom uredu uplatiti misnu nakanu koja \u0107e biti proslije\u0111ena misionarima.&nbsp; <\/strong><strong><\/strong><\/p>\n\n\n\n<p><strong>Zahvalni za va\u0161u pomo\u0107 kojom poma\u017eete obnovu na\u0161ih crkava i samostana nastradalih u potresima, preporu\u010damo se i nadalje va\u0161oj dobroti. Svoj nov\u010dani prilog mo\u017eete dati u posebno ozna\u010denu \u0161krabicu pri izlazu iz crkve ili u \u017eupni ured ili direktno uplatiti na ra\u010dun koji se nalazi na plakatu ili letku.<\/strong><\/p>\n\n\n\n<p><strong>Molimo sve vas koji jo\u0161 nemate \u017eupnu obiteljsku knji\u017eicu ili je potrebno upisati promjene u postoje\u0107e, da se javite u \u017eupni ured. Kupujte i \u010ditajte katoli\u010dki vjerski tisak.<\/strong><\/p>\n","protected":false},"excerpt":{"rendered":"<p>Slavimo dvadeset i drugu nedjelju kroz godinu. Sutra slavimo Mu\u010deni\u0161tvo sv. Ivana Krstitelja. U srijedu je nakon ve\u010dernje svete mise susret na\u0161e \u017eupne molitvene skupine. U \u010detvrtak je klanjanje pred Presvetim nakon ve\u010dernje svete mise. U subotu slavimo sv. Grgura Velikog, papu i crkvenog nau\u010ditelja. Pod ve\u010dernjom svetom misom molimo za duhovna zvanja budu\u0107i da <a href=\"http:\/\/svetaobitelj.hr\/?p=2404\" class=\"more-link\">[&hellip;]<\/a><\/p>\n","protected":false},"author":2,"featured_media":0,"comment_status":"closed","ping_status":"open","sticky":false,"template":"","format":"standard","meta":{"footnotes":""},"categories":[3],"tags":[],"class_list":["entry","author-","post-2404","post","type-post","status-publish","format-standard","category-zupa"],"_links":{"self":[{"href":"http:\/\/svetaobitelj.hr\/index.php?rest_route=\/wp\/v2\/posts\/2404","targetHints":{"allow":["GET"]}}],"collection":[{"href":"http:\/\/svetaobitelj.hr\/index.php?rest_route=\/wp\/v2\/posts"}],"about":[{"href":"http:\/\/svetaobitelj.hr\/index.php?rest_route=\/wp\/v2\/types\/post"}],"author":[{"embeddable":true,"href":"http:\/\/svetaobitelj.hr\/index.php?rest_route=\/wp\/v2\/users\/2"}],"replies":[{"embeddable":true,"href":"http:\/\/svetaobitelj.hr\/index.php?rest_route=%2Fwp%2Fv2%2Fcomments&post=2404"}],"version-history":[{"count":1,"href":"http:\/\/svetaobitelj.hr\/index.php?rest_route=\/wp\/v2\/posts\/2404\/revisions"}],"predecessor-version":[{"id":2405,"href":"http:\/\/svetaobitelj.hr\/index.php?rest_route=\/wp\/v2\/posts\/2404\/revisions\/2405"}],"wp:attachment":[{"href":"http:\/\/svetaobitelj.hr\/index.php?rest_route=%2Fwp%2Fv2%2Fmedia&parent=2404"}],"wp:term":[{"taxonomy":"category","embeddable":true,"href":"http:\/\/svetaobitelj.hr\/index.php?rest_route=%2Fwp%2Fv2%2Fcategories&post=2404"},{"taxonomy":"post_tag","embeddable":true,"href":"http:\/\/svetaobitelj.hr\/index.php?rest_route=%2Fwp%2Fv2%2Ftags&post=2404"}],"curies":[{"name":"wp","href":"https:\/\/api.w.org\/{rel}","templated":true}]}}