{"id":2395,"date":"2022-08-15T11:05:15","date_gmt":"2022-08-15T10:05:15","guid":{"rendered":"http:\/\/svetaobitelj.hr\/?p=2395"},"modified":"2022-08-15T11:05:15","modified_gmt":"2022-08-15T10:05:15","slug":"nas-framas-mirko-na-hodu","status":"publish","type":"post","link":"http:\/\/svetaobitelj.hr\/?p=2395","title":{"rendered":"Na\u0161 frama\u0161 Mirko na Hodu"},"content":{"rendered":"\n<figure class=\"wp-block-image size-large\"><img loading=\"lazy\" decoding=\"async\" width=\"1024\" height=\"768\" src=\"http:\/\/svetaobitelj.hr\/wp-content\/uploads\/2022\/08\/slika1-1024x768.jpg\" alt=\"\" class=\"wp-image-2396\" srcset=\"http:\/\/svetaobitelj.hr\/wp-content\/uploads\/2022\/08\/slika1-1024x768.jpg 1024w, http:\/\/svetaobitelj.hr\/wp-content\/uploads\/2022\/08\/slika1-300x225.jpg 300w, http:\/\/svetaobitelj.hr\/wp-content\/uploads\/2022\/08\/slika1-768x576.jpg 768w, http:\/\/svetaobitelj.hr\/wp-content\/uploads\/2022\/08\/slika1-1536x1152.jpg 1536w, http:\/\/svetaobitelj.hr\/wp-content\/uploads\/2022\/08\/slika1-2048x1536.jpg 2048w\" sizes=\"auto, (max-width: 1024px) 100vw, 1024px\" \/><\/figure>\n\n\n\n<p>Prije po\u010detka frama\u0161koga hoda u Semeljcima svi smo se upoznavali ili se pozdravili s onima koje ve\u0107 znamo, npr., ja sam sreo prijatelja iz\u00a0 Jaske s kojima sam bio u ministrantskom kampu. Polazak iz Semeljaca u \u0110akovo je pro\u0161ao super. Pjevalo se, smijalo, ali najva\u017enije zajedno smo u glas molili. Stigli smo u \u0110akovo u samostan. Drugi dan oti\u0161li smo u Vrpolje i taj dan je bio najte\u017ei na 19 km dugom hodu i 39\u00b0C vani. Spavali smo u obiteljima i tada je na\u0161 zbor otpjevao tijekom mise najljep\u0161e duhovne pjesme. U Gar\u010dinu smo spavali u \u0161kolskoj dvorani i svi smo se tada zajedno zabavljali igraju\u0107i odbojku. Ru\u0161\u010dice se ba\u0161 i ne sje\u0107am osim toga da sam u \u0161koli morao spavati s upaljenim svjetlima jer se nisu mogla ugasiti. Zadnji dan hoda \u00a0prenosio sam kofere iz Ru\u0161\u010dice u Slavonski Brod gdje smo bili u samostanu koji je najljep\u0161i franjeva\u010dki samostan koji sam ikada vidio.<\/p>\n\n\n\n<figure class=\"wp-block-image size-large\"><img loading=\"lazy\" decoding=\"async\" width=\"1024\" height=\"768\" src=\"http:\/\/svetaobitelj.hr\/wp-content\/uploads\/2022\/08\/slika3-1024x768.jpg\" alt=\"\" class=\"wp-image-2398\" srcset=\"http:\/\/svetaobitelj.hr\/wp-content\/uploads\/2022\/08\/slika3-1024x768.jpg 1024w, http:\/\/svetaobitelj.hr\/wp-content\/uploads\/2022\/08\/slika3-300x225.jpg 300w, http:\/\/svetaobitelj.hr\/wp-content\/uploads\/2022\/08\/slika3-768x576.jpg 768w, http:\/\/svetaobitelj.hr\/wp-content\/uploads\/2022\/08\/slika3-1536x1152.jpg 1536w, http:\/\/svetaobitelj.hr\/wp-content\/uploads\/2022\/08\/slika3-2048x1536.jpg 2048w\" sizes=\"auto, (max-width: 1024px) 100vw, 1024px\" \/><\/figure>\n\n\n\n<p>U pono\u0107 smo krenuli za Asiz (cijeli put sam spavao), stigli smo u 11 sati ujutro, &nbsp;raspakirali se i smjestili te i\u0161li u obilazak. U Asizu je puno svetih mjesta koje smo posjetili. Bili smo u Bazilici sv. Franje, u crkvi sv. Klare, Katedrali i Porcijunkuli gdje smo primili potpuni oprost.<\/p>\n\n\n\n<p>Talijani su rekli za nas Hrvate da imamo najljep\u0161u zastavu na svijetu. Zadnji dan smo vidjeli samostan sv. Franje i njegove bra\u0107e.<\/p>\n\n\n\n<p>Frama\u0161 : Mirko Mlinarevi\u0107<\/p>\n\n\n\n<figure class=\"wp-block-image size-large\"><img loading=\"lazy\" decoding=\"async\" width=\"1024\" height=\"768\" src=\"http:\/\/svetaobitelj.hr\/wp-content\/uploads\/2022\/08\/slika2-1024x768.jpg\" alt=\"\" class=\"wp-image-2397\" srcset=\"http:\/\/svetaobitelj.hr\/wp-content\/uploads\/2022\/08\/slika2-1024x768.jpg 1024w, http:\/\/svetaobitelj.hr\/wp-content\/uploads\/2022\/08\/slika2-300x225.jpg 300w, http:\/\/svetaobitelj.hr\/wp-content\/uploads\/2022\/08\/slika2-768x576.jpg 768w, http:\/\/svetaobitelj.hr\/wp-content\/uploads\/2022\/08\/slika2-1536x1152.jpg 1536w, http:\/\/svetaobitelj.hr\/wp-content\/uploads\/2022\/08\/slika2-2048x1536.jpg 2048w\" sizes=\"auto, (max-width: 1024px) 100vw, 1024px\" \/><\/figure>\n","protected":false},"excerpt":{"rendered":"<p>Prije po\u010detka frama\u0161koga hoda u Semeljcima svi smo se upoznavali ili se pozdravili s onima koje ve\u0107 znamo, npr., ja sam sreo prijatelja iz\u00a0 Jaske s kojima sam bio u ministrantskom kampu. Polazak iz Semeljaca u \u0110akovo je pro\u0161ao super. Pjevalo se, smijalo, ali najva\u017enije zajedno smo u glas molili. Stigli smo u \u0110akovo u <a href=\"http:\/\/svetaobitelj.hr\/?p=2395\" class=\"more-link\">[&hellip;]<\/a><\/p>\n","protected":false},"author":2,"featured_media":0,"comment_status":"closed","ping_status":"open","sticky":false,"template":"","format":"standard","meta":{"footnotes":""},"categories":[3],"tags":[],"class_list":["entry","author-","post-2395","post","type-post","status-publish","format-standard","category-zupa"],"_links":{"self":[{"href":"http:\/\/svetaobitelj.hr\/index.php?rest_route=\/wp\/v2\/posts\/2395","targetHints":{"allow":["GET"]}}],"collection":[{"href":"http:\/\/svetaobitelj.hr\/index.php?rest_route=\/wp\/v2\/posts"}],"about":[{"href":"http:\/\/svetaobitelj.hr\/index.php?rest_route=\/wp\/v2\/types\/post"}],"author":[{"embeddable":true,"href":"http:\/\/svetaobitelj.hr\/index.php?rest_route=\/wp\/v2\/users\/2"}],"replies":[{"embeddable":true,"href":"http:\/\/svetaobitelj.hr\/index.php?rest_route=%2Fwp%2Fv2%2Fcomments&post=2395"}],"version-history":[{"count":1,"href":"http:\/\/svetaobitelj.hr\/index.php?rest_route=\/wp\/v2\/posts\/2395\/revisions"}],"predecessor-version":[{"id":2399,"href":"http:\/\/svetaobitelj.hr\/index.php?rest_route=\/wp\/v2\/posts\/2395\/revisions\/2399"}],"wp:attachment":[{"href":"http:\/\/svetaobitelj.hr\/index.php?rest_route=%2Fwp%2Fv2%2Fmedia&parent=2395"}],"wp:term":[{"taxonomy":"category","embeddable":true,"href":"http:\/\/svetaobitelj.hr\/index.php?rest_route=%2Fwp%2Fv2%2Fcategories&post=2395"},{"taxonomy":"post_tag","embeddable":true,"href":"http:\/\/svetaobitelj.hr\/index.php?rest_route=%2Fwp%2Fv2%2Ftags&post=2395"}],"curies":[{"name":"wp","href":"https:\/\/api.w.org\/{rel}","templated":true}]}}