{"id":2389,"date":"2022-08-11T09:47:24","date_gmt":"2022-08-11T08:47:24","guid":{"rendered":"https:\/\/svetaobitelj.hr\/?p=2389"},"modified":"2022-08-11T09:47:24","modified_gmt":"2022-08-11T08:47:24","slug":"zupne-obavijesti-20-nedjelja-kroz-godinu-4","status":"publish","type":"post","link":"http:\/\/svetaobitelj.hr\/?p=2389","title":{"rendered":"\u017dupne obavijesti: 20. nedjelja kroz godinu"},"content":{"rendered":"\n<p>Slavimo dvadesetu nedjelju kroz godinu.<\/p>\n\n\n\n<p>Sutra slavimo zapovijedanu svetkovinu Veliku Gospu \u2013 Uznesenje Bla\u017eene Djevice Marije. Svete mise su u 7:00, 9:00, 11:00 i 18:30 sati.<\/p>\n\n\n\n<p>U srijedu je nakon ve\u010dernje svete mise susret na\u0161e \u017eupne molitvene skupine.<\/p>\n\n\n\n<p>U \u010detvrtak je klanjanje pred Presvetim nakon ve\u010dernje svete mise.<\/p>\n\n\n\n<p>Sljede\u0107e nedjelje slavimo dvadeset i prvu nedjelju kroz godinu.<\/p>\n\n\n\n<p>Jo\u0161 smo uvijek pozvani uklju\u010diti se u akciju \u201eDjelo sv. Petra\u201c \u010dime poma\u017eemo misionarima uplatom misnih nakana. Tko \u017eeli na taj na\u010din pomo\u0107i, mo\u017ee u \u017eupnom uredu uplatiti misnu nakanu koja \u0107e biti proslije\u0111ena misionarima.<\/p>\n\n\n\n<p>Zahvalni za va\u0161u pomo\u0107 kojom poma\u017eete obnovu na\u0161ih crkava i samostana nastradalih u potresima, preporu\u010damo se i nadalje va\u0161oj dobroti. Svoj nov\u010dani prilog mo\u017eete dati u posebno ozna\u010denu \u0161krabicu pri izlazu iz crkve ili u \u017eupni ured ili direktno uplatiti na ra\u010dun koji se nalazi na plakatu ili letku.<\/p>\n\n\n\n<p>Molimo sve vas koji jo\u0161 nemate \u017eupnu obiteljsku knji\u017eicu ili je potrebno upisati promjene u postoje\u0107e, da se javite u \u017eupni ured.<\/p>\n\n\n\n<p>Kupujte i \u010ditajte katoli\u010dki vjerski tisak.<\/p>\n","protected":false},"excerpt":{"rendered":"<p>Slavimo dvadesetu nedjelju kroz godinu. Sutra slavimo zapovijedanu svetkovinu Veliku Gospu \u2013 Uznesenje Bla\u017eene Djevice Marije. Svete mise su u 7:00, 9:00, 11:00 i 18:30 sati. U srijedu je nakon ve\u010dernje svete mise susret na\u0161e \u017eupne molitvene skupine. U \u010detvrtak je klanjanje pred Presvetim nakon ve\u010dernje svete mise. Sljede\u0107e nedjelje slavimo dvadeset i prvu nedjelju <a href=\"http:\/\/svetaobitelj.hr\/?p=2389\" class=\"more-link\">[&hellip;]<\/a><\/p>\n","protected":false},"author":2,"featured_media":0,"comment_status":"closed","ping_status":"open","sticky":false,"template":"","format":"standard","meta":{"footnotes":""},"categories":[3],"tags":[],"class_list":["entry","author-","post-2389","post","type-post","status-publish","format-standard","category-zupa"],"_links":{"self":[{"href":"http:\/\/svetaobitelj.hr\/index.php?rest_route=\/wp\/v2\/posts\/2389","targetHints":{"allow":["GET"]}}],"collection":[{"href":"http:\/\/svetaobitelj.hr\/index.php?rest_route=\/wp\/v2\/posts"}],"about":[{"href":"http:\/\/svetaobitelj.hr\/index.php?rest_route=\/wp\/v2\/types\/post"}],"author":[{"embeddable":true,"href":"http:\/\/svetaobitelj.hr\/index.php?rest_route=\/wp\/v2\/users\/2"}],"replies":[{"embeddable":true,"href":"http:\/\/svetaobitelj.hr\/index.php?rest_route=%2Fwp%2Fv2%2Fcomments&post=2389"}],"version-history":[{"count":1,"href":"http:\/\/svetaobitelj.hr\/index.php?rest_route=\/wp\/v2\/posts\/2389\/revisions"}],"predecessor-version":[{"id":2390,"href":"http:\/\/svetaobitelj.hr\/index.php?rest_route=\/wp\/v2\/posts\/2389\/revisions\/2390"}],"wp:attachment":[{"href":"http:\/\/svetaobitelj.hr\/index.php?rest_route=%2Fwp%2Fv2%2Fmedia&parent=2389"}],"wp:term":[{"taxonomy":"category","embeddable":true,"href":"http:\/\/svetaobitelj.hr\/index.php?rest_route=%2Fwp%2Fv2%2Fcategories&post=2389"},{"taxonomy":"post_tag","embeddable":true,"href":"http:\/\/svetaobitelj.hr\/index.php?rest_route=%2Fwp%2Fv2%2Ftags&post=2389"}],"curies":[{"name":"wp","href":"https:\/\/api.w.org\/{rel}","templated":true}]}}