{"id":2046,"date":"2021-12-18T10:00:00","date_gmt":"2021-12-18T09:00:00","guid":{"rendered":"http:\/\/svetaobitelj.hr\/?p=2046"},"modified":"2021-12-18T10:00:01","modified_gmt":"2021-12-18T09:00:01","slug":"zupne-obavijesti-4-nedjelja-dosasca-4","status":"publish","type":"post","link":"http:\/\/svetaobitelj.hr\/?p=2046","title":{"rendered":"\u017dupne obavijesti: 4. nedjelja do\u0161a\u0161\u0107a"},"content":{"rendered":"\n<p><strong>Slavimo \u010detvrtu nedjelju do\u0161a\u0161\u0107a. Zahvaljujemo svima koji ste svojim darovima pomogli potrebitima za koje skrbe \u017eupni, nadbiskupijski i nacionalni Caritas.<\/strong><\/p>\n\n\n\n<p><strong>U petak je Badnjak. Zavr\u0161na sveta misa zornica je u 6:00 sati, a polno\u0107ke su u 20:00 sati i u pono\u0107. U 19:30 sati djeca \u0107e imati u na\u0161oj \u017eupnoj crkvi prigodnu bo\u017ei\u0107nu priredbu kada i o\u010dekujemo dolazak \u201eBetlehemskog svjetla\u201c. Na osobit na\u010din molimo za po\u0161tivanje epidemiolo\u0161kih mjera (dezinfekcija ruku na ulazu, no\u0161enje maski i potrebna udaljenost). Redari nam poma\u017eu u po\u0161tivanju tih mjera.<\/strong><\/p>\n\n\n\n<p><strong>U subotu slavimo Ro\u0111enje Gospodinovo \u2013 Bo\u017ei\u0107. Svete mise su prema nedjeljnom rasporedu: 7:00, 9:00, 11:00 i 18:30 sati.<\/strong><\/p>\n\n\n\n<p><strong>Sljede\u0107e nedjelje slavimo Svetu Obitelj, na\u0161 \u017eupni crkveni god. Mise su prema nedjeljnom rasporedu, a svetu misu u 11:00 sati predslavit \u0107e fra Sini\u0161a Puci\u0107, odgojitelj na\u0161ih sjemeni\u0161taraca u Slavonskom Brodu.<\/strong><\/p>\n\n\n\n<p><strong>Na oglasnoj plo\u010di imate plan rasporeda blagoslova obitelji u na\u0161oj \u017eupi koji zapo\u010dinje na Svetu Obitelj. Ako netko ne \u017eeli primiti blagoslov radi zdravstvenih i epidemiolo\u0161kih razloga ili ako u to vrijeme niste doma, molimo vas da se javite u \u017eupni ured. Isto tako, ako do sada niste primali blagoslov, a \u017eelite ga primiti, molimo vas da se tako\u0111er javite u \u017eupni ured. Za vrijeme blagoslova obitelji \u017eupni ured \u0107e biti otvoren radnim danima od 16:00 do 18:00 sati, osim na Staru godinu.<\/strong><\/p>\n\n\n\n<p><strong>Zahvalni za va\u0161u dosada\u0161nju pomo\u0107 kojom poma\u017eete obnovu na\u0161ih crkava i samostana nastradalih u potresima, preporu\u010damo se i nadalje va\u0161oj dobroti. Svoj nov\u010dani prilog mo\u017eete dati u posebno ozna\u010denu \u0161krabicu pri izlazu iz crkve ili u \u017eupni ured ili direktno uplatiti na ra\u010dun koji se nalazi na plakatu ili letku.<\/strong><\/p>\n\n\n\n<p><strong>Podsje\u0107amo one koji su kumovi djeci u Beninu da uplate svoj dar.<\/strong><\/p>\n\n\n\n<p><strong>Molimo sve vas koji jo\u0161 nemate \u017eupnu obiteljsku knji\u017eicu ili je potrebno upisati promjene u postoje\u0107e, da se javite u \u017eupni ured u uredovno vrijeme.<\/strong><\/p>\n\n\n\n<p><strong>Kupujte i \u010ditajte katoli\u010dki vjerski tisak. U \u017eupnom uredu i sakristiji mo\u017eete kupiti kalendare za sljede\u0107u godinu.<\/strong><\/p>\n","protected":false},"excerpt":{"rendered":"<p>Slavimo \u010detvrtu nedjelju do\u0161a\u0161\u0107a. Zahvaljujemo svima koji ste svojim darovima pomogli potrebitima za koje skrbe \u017eupni, nadbiskupijski i nacionalni Caritas. U petak je Badnjak. Zavr\u0161na sveta misa zornica je u 6:00 sati, a polno\u0107ke su u 20:00 sati i u pono\u0107. U 19:30 sati djeca \u0107e imati u na\u0161oj \u017eupnoj crkvi prigodnu bo\u017ei\u0107nu priredbu kada <a href=\"http:\/\/svetaobitelj.hr\/?p=2046\" class=\"more-link\">[&hellip;]<\/a><\/p>\n","protected":false},"author":2,"featured_media":0,"comment_status":"closed","ping_status":"open","sticky":false,"template":"","format":"standard","meta":{"footnotes":""},"categories":[3],"tags":[],"class_list":["entry","author-","post-2046","post","type-post","status-publish","format-standard","category-zupa"],"_links":{"self":[{"href":"http:\/\/svetaobitelj.hr\/index.php?rest_route=\/wp\/v2\/posts\/2046","targetHints":{"allow":["GET"]}}],"collection":[{"href":"http:\/\/svetaobitelj.hr\/index.php?rest_route=\/wp\/v2\/posts"}],"about":[{"href":"http:\/\/svetaobitelj.hr\/index.php?rest_route=\/wp\/v2\/types\/post"}],"author":[{"embeddable":true,"href":"http:\/\/svetaobitelj.hr\/index.php?rest_route=\/wp\/v2\/users\/2"}],"replies":[{"embeddable":true,"href":"http:\/\/svetaobitelj.hr\/index.php?rest_route=%2Fwp%2Fv2%2Fcomments&post=2046"}],"version-history":[{"count":1,"href":"http:\/\/svetaobitelj.hr\/index.php?rest_route=\/wp\/v2\/posts\/2046\/revisions"}],"predecessor-version":[{"id":2047,"href":"http:\/\/svetaobitelj.hr\/index.php?rest_route=\/wp\/v2\/posts\/2046\/revisions\/2047"}],"wp:attachment":[{"href":"http:\/\/svetaobitelj.hr\/index.php?rest_route=%2Fwp%2Fv2%2Fmedia&parent=2046"}],"wp:term":[{"taxonomy":"category","embeddable":true,"href":"http:\/\/svetaobitelj.hr\/index.php?rest_route=%2Fwp%2Fv2%2Fcategories&post=2046"},{"taxonomy":"post_tag","embeddable":true,"href":"http:\/\/svetaobitelj.hr\/index.php?rest_route=%2Fwp%2Fv2%2Ftags&post=2046"}],"curies":[{"name":"wp","href":"https:\/\/api.w.org\/{rel}","templated":true}]}}