{"id":1985,"date":"2021-10-13T10:12:12","date_gmt":"2021-10-13T09:12:12","guid":{"rendered":"http:\/\/svetaobitelj.hr\/?p=1985"},"modified":"2021-10-13T10:12:12","modified_gmt":"2021-10-13T09:12:12","slug":"clanovi-zupne-misijske-skupine-na-seminaru-u-dakovu","status":"publish","type":"post","link":"http:\/\/svetaobitelj.hr\/?p=1985","title":{"rendered":"\u010clanovi \u017eupne misijske skupine na seminaru u \u0110akovu"},"content":{"rendered":"\n<figure class=\"wp-block-image size-large\"><img loading=\"lazy\" decoding=\"async\" width=\"1024\" height=\"768\" src=\"http:\/\/svetaobitelj.hr\/wp-content\/uploads\/2021\/10\/slika1-1-1024x768.jpg\" alt=\"\" class=\"wp-image-1986\" srcset=\"http:\/\/svetaobitelj.hr\/wp-content\/uploads\/2021\/10\/slika1-1-1024x768.jpg 1024w, http:\/\/svetaobitelj.hr\/wp-content\/uploads\/2021\/10\/slika1-1-300x225.jpg 300w, http:\/\/svetaobitelj.hr\/wp-content\/uploads\/2021\/10\/slika1-1-768x576.jpg 768w, http:\/\/svetaobitelj.hr\/wp-content\/uploads\/2021\/10\/slika1-1-1536x1152.jpg 1536w, http:\/\/svetaobitelj.hr\/wp-content\/uploads\/2021\/10\/slika1-1-2048x1536.jpg 2048w\" sizes=\"auto, (max-width: 1024px) 100vw, 1024px\" \/><\/figure>\n\n\n\n<p>Seminar za misijske voditelje, animatore i skupine u \u017eupama&#8230;<\/p>\n\n\n\n<p>&#8220;Ne mo\u017eemo ne govoriti \u0161to vidjesmo i \u010dusmo&#8221; poruka je na\u0161eg Pape Franje za ovogodi\u0161nji svjetski dan misija. Dana\u0161nji seminar, predava\u010di i izlaganja bili su jedni od najboljih kojima smo ikada nazo\u010dili&#8230;Prepuni novih savjeta i poruka svratili smo ve\u0107 tradicionalno kod na\u0161ih \u010dasnih sestara kri\u017earica ,gdje nam je uvijek toliko lijepo da ne znamo oti\u0107i. Posebice s legendarnom s. Svjetlanom&#8230;Bogu zahvalni na dana\u0161njem danu preporu\u010damo u molitve sve na\u0161e misionare i misionarke. Samo jedna mala opaska za sve one koji ka\u017eu da se samo u na\u0161oj \u017eupi dr\u017eimo epidemiolo\u0161kih mjera, na KBF-u u \u0110akovu mjere su \u010dak i stro\u017ee nego kod nas. Da znate da nije sve tako crno. <\/p>\n\n\n\n<figure class=\"wp-block-image size-large\"><img loading=\"lazy\" decoding=\"async\" width=\"1024\" height=\"768\" src=\"http:\/\/svetaobitelj.hr\/wp-content\/uploads\/2021\/10\/slika2-2-1024x768.jpg\" alt=\"\" class=\"wp-image-1987\" srcset=\"http:\/\/svetaobitelj.hr\/wp-content\/uploads\/2021\/10\/slika2-2-1024x768.jpg 1024w, http:\/\/svetaobitelj.hr\/wp-content\/uploads\/2021\/10\/slika2-2-300x225.jpg 300w, http:\/\/svetaobitelj.hr\/wp-content\/uploads\/2021\/10\/slika2-2-768x576.jpg 768w, http:\/\/svetaobitelj.hr\/wp-content\/uploads\/2021\/10\/slika2-2-1536x1152.jpg 1536w, http:\/\/svetaobitelj.hr\/wp-content\/uploads\/2021\/10\/slika2-2-2048x1536.jpg 2048w\" sizes=\"auto, (max-width: 1024px) 100vw, 1024px\" \/><\/figure>\n","protected":false},"excerpt":{"rendered":"<p>Seminar za misijske voditelje, animatore i skupine u \u017eupama&#8230; &#8220;Ne mo\u017eemo ne govoriti \u0161to vidjesmo i \u010dusmo&#8221; poruka je na\u0161eg Pape Franje za ovogodi\u0161nji svjetski dan misija. Dana\u0161nji seminar, predava\u010di i izlaganja bili su jedni od najboljih kojima smo ikada nazo\u010dili&#8230;Prepuni novih savjeta i poruka svratili smo ve\u0107 tradicionalno kod na\u0161ih \u010dasnih sestara kri\u017earica ,gdje <a href=\"http:\/\/svetaobitelj.hr\/?p=1985\" class=\"more-link\">[&hellip;]<\/a><\/p>\n","protected":false},"author":2,"featured_media":0,"comment_status":"closed","ping_status":"open","sticky":false,"template":"","format":"standard","meta":{"footnotes":""},"categories":[3],"tags":[],"class_list":["entry","author-","post-1985","post","type-post","status-publish","format-standard","category-zupa"],"_links":{"self":[{"href":"http:\/\/svetaobitelj.hr\/index.php?rest_route=\/wp\/v2\/posts\/1985","targetHints":{"allow":["GET"]}}],"collection":[{"href":"http:\/\/svetaobitelj.hr\/index.php?rest_route=\/wp\/v2\/posts"}],"about":[{"href":"http:\/\/svetaobitelj.hr\/index.php?rest_route=\/wp\/v2\/types\/post"}],"author":[{"embeddable":true,"href":"http:\/\/svetaobitelj.hr\/index.php?rest_route=\/wp\/v2\/users\/2"}],"replies":[{"embeddable":true,"href":"http:\/\/svetaobitelj.hr\/index.php?rest_route=%2Fwp%2Fv2%2Fcomments&post=1985"}],"version-history":[{"count":1,"href":"http:\/\/svetaobitelj.hr\/index.php?rest_route=\/wp\/v2\/posts\/1985\/revisions"}],"predecessor-version":[{"id":1988,"href":"http:\/\/svetaobitelj.hr\/index.php?rest_route=\/wp\/v2\/posts\/1985\/revisions\/1988"}],"wp:attachment":[{"href":"http:\/\/svetaobitelj.hr\/index.php?rest_route=%2Fwp%2Fv2%2Fmedia&parent=1985"}],"wp:term":[{"taxonomy":"category","embeddable":true,"href":"http:\/\/svetaobitelj.hr\/index.php?rest_route=%2Fwp%2Fv2%2Fcategories&post=1985"},{"taxonomy":"post_tag","embeddable":true,"href":"http:\/\/svetaobitelj.hr\/index.php?rest_route=%2Fwp%2Fv2%2Ftags&post=1985"}],"curies":[{"name":"wp","href":"https:\/\/api.w.org\/{rel}","templated":true}]}}