{"id":1975,"date":"2021-10-05T10:58:20","date_gmt":"2021-10-05T09:58:20","guid":{"rendered":"http:\/\/svetaobitelj.hr\/?p=1975"},"modified":"2021-10-05T10:58:21","modified_gmt":"2021-10-05T09:58:21","slug":"trodnevnica-na-cast-sv-franji-asiskom","status":"publish","type":"post","link":"http:\/\/svetaobitelj.hr\/?p=1975","title":{"rendered":"Trodnevnica na \u010dast sv. Franji Asi\u0161kom"},"content":{"rendered":"\n<figure class=\"wp-block-image size-large\"><img loading=\"lazy\" decoding=\"async\" width=\"1024\" height=\"768\" src=\"http:\/\/svetaobitelj.hr\/wp-content\/uploads\/2021\/10\/slika1-1024x768.jpg\" alt=\"\" class=\"wp-image-1976\" srcset=\"http:\/\/svetaobitelj.hr\/wp-content\/uploads\/2021\/10\/slika1-1024x768.jpg 1024w, http:\/\/svetaobitelj.hr\/wp-content\/uploads\/2021\/10\/slika1-300x225.jpg 300w, http:\/\/svetaobitelj.hr\/wp-content\/uploads\/2021\/10\/slika1-768x576.jpg 768w, http:\/\/svetaobitelj.hr\/wp-content\/uploads\/2021\/10\/slika1-1536x1152.jpg 1536w, http:\/\/svetaobitelj.hr\/wp-content\/uploads\/2021\/10\/slika1-2048x1536.jpg 2048w\" sizes=\"auto, (max-width: 1024px) 100vw, 1024px\" \/><\/figure>\n\n\n\n<p>Bra\u0107i franjevcima Hrvatske franjeva\u010dke provincije sv. \u0106irila i Metoda povjerena je na\u0161a \u017eupa sv. Obitelji u Osijeku na Jugu2. Bogu smo zahvalni \u0161to smo i ove godine uspjeli, uz po\u0161tivanje mjera, proslaviti blagdan sv. Franje kao i trodnevnicu uo\u010di blagdana. Trodnevnicu je vodio fra Dragutin, \u017eupnik. <\/p>\n\n\n\n<figure class=\"wp-block-image size-large\"><img loading=\"lazy\" decoding=\"async\" width=\"1024\" height=\"768\" src=\"http:\/\/svetaobitelj.hr\/wp-content\/uploads\/2021\/10\/slika2-1-1024x768.jpg\" alt=\"\" class=\"wp-image-1977\" srcset=\"http:\/\/svetaobitelj.hr\/wp-content\/uploads\/2021\/10\/slika2-1-1024x768.jpg 1024w, http:\/\/svetaobitelj.hr\/wp-content\/uploads\/2021\/10\/slika2-1-300x225.jpg 300w, http:\/\/svetaobitelj.hr\/wp-content\/uploads\/2021\/10\/slika2-1-768x576.jpg 768w, http:\/\/svetaobitelj.hr\/wp-content\/uploads\/2021\/10\/slika2-1-1536x1152.jpg 1536w, http:\/\/svetaobitelj.hr\/wp-content\/uploads\/2021\/10\/slika2-1-2048x1536.jpg 2048w\" sizes=\"auto, (max-width: 1024px) 100vw, 1024px\" \/><\/figure>\n\n\n\n<p>Posebnost ovogodi\u0161nje trodnevnice je blagoslov novog kipa i privremeni zavjeti sestara Ane, Blanke i Ivanke. Dobrotom pojedinih \u017eupljana postavljen je kip sv. Franje, na \u010demu im se zahvaljujemo. Kip je blagoslovljen nakon sv. mise u 11 sati.  Sv. misu i blagoslov vodio je fra Venancije, novi gvardijan osje\u010dkoga bratstva.<\/p>\n\n\n\n<figure class=\"wp-block-image size-large\"><img loading=\"lazy\" decoding=\"async\" width=\"1024\" height=\"768\" src=\"http:\/\/svetaobitelj.hr\/wp-content\/uploads\/2021\/10\/slika3-1024x768.jpg\" alt=\"\" class=\"wp-image-1978\" srcset=\"http:\/\/svetaobitelj.hr\/wp-content\/uploads\/2021\/10\/slika3-1024x768.jpg 1024w, http:\/\/svetaobitelj.hr\/wp-content\/uploads\/2021\/10\/slika3-300x225.jpg 300w, http:\/\/svetaobitelj.hr\/wp-content\/uploads\/2021\/10\/slika3-768x576.jpg 768w, http:\/\/svetaobitelj.hr\/wp-content\/uploads\/2021\/10\/slika3-1536x1152.jpg 1536w, http:\/\/svetaobitelj.hr\/wp-content\/uploads\/2021\/10\/slika3-2048x1536.jpg 2048w\" sizes=\"auto, (max-width: 1024px) 100vw, 1024px\" \/><\/figure>\n\n\n\n<p> <\/p>\n\n\n\n<figure class=\"wp-block-image size-large\"><img loading=\"lazy\" decoding=\"async\" width=\"1024\" height=\"768\" src=\"http:\/\/svetaobitelj.hr\/wp-content\/uploads\/2021\/10\/slika4-2-1024x768.jpg\" alt=\"\" class=\"wp-image-1979\" srcset=\"http:\/\/svetaobitelj.hr\/wp-content\/uploads\/2021\/10\/slika4-2-1024x768.jpg 1024w, http:\/\/svetaobitelj.hr\/wp-content\/uploads\/2021\/10\/slika4-2-300x225.jpg 300w, http:\/\/svetaobitelj.hr\/wp-content\/uploads\/2021\/10\/slika4-2-768x576.jpg 768w, http:\/\/svetaobitelj.hr\/wp-content\/uploads\/2021\/10\/slika4-2-1536x1152.jpg 1536w, http:\/\/svetaobitelj.hr\/wp-content\/uploads\/2021\/10\/slika4-2-2048x1536.jpg 2048w\" sizes=\"auto, (max-width: 1024px) 100vw, 1024px\" \/><\/figure>\n\n\n\n<p> Na sam blagdan svetoga Franje pod ve\u010dernjom sv. misom svoje privremene zavjete u bratstvu Franjeva\u010dkoga svjetovnog reda dale su Ana \u0160imovi\u0107, Blanka Ratkovi\u0107 i Ivanka Roterbauer.<\/p>\n\n\n\n<figure class=\"wp-block-image size-large\"><img loading=\"lazy\" decoding=\"async\" width=\"1024\" height=\"768\" src=\"http:\/\/svetaobitelj.hr\/wp-content\/uploads\/2021\/10\/slika4-1024x768.jpg\" alt=\"\" class=\"wp-image-1980\" srcset=\"http:\/\/svetaobitelj.hr\/wp-content\/uploads\/2021\/10\/slika4-1024x768.jpg 1024w, http:\/\/svetaobitelj.hr\/wp-content\/uploads\/2021\/10\/slika4-300x225.jpg 300w, http:\/\/svetaobitelj.hr\/wp-content\/uploads\/2021\/10\/slika4-768x576.jpg 768w, http:\/\/svetaobitelj.hr\/wp-content\/uploads\/2021\/10\/slika4-1536x1152.jpg 1536w, http:\/\/svetaobitelj.hr\/wp-content\/uploads\/2021\/10\/slika4-2048x1536.jpg 2048w\" sizes=\"auto, (max-width: 1024px) 100vw, 1024px\" \/><\/figure>\n\n\n\n<figure class=\"wp-block-image size-large\"><img loading=\"lazy\" decoding=\"async\" width=\"1024\" height=\"768\" src=\"http:\/\/svetaobitelj.hr\/wp-content\/uploads\/2021\/10\/slika5-1024x768.jpg\" alt=\"\" class=\"wp-image-1981\" srcset=\"http:\/\/svetaobitelj.hr\/wp-content\/uploads\/2021\/10\/slika5-1024x768.jpg 1024w, http:\/\/svetaobitelj.hr\/wp-content\/uploads\/2021\/10\/slika5-300x225.jpg 300w, http:\/\/svetaobitelj.hr\/wp-content\/uploads\/2021\/10\/slika5-768x576.jpg 768w, http:\/\/svetaobitelj.hr\/wp-content\/uploads\/2021\/10\/slika5-1536x1152.jpg 1536w, http:\/\/svetaobitelj.hr\/wp-content\/uploads\/2021\/10\/slika5-2048x1536.jpg 2048w\" sizes=\"auto, (max-width: 1024px) 100vw, 1024px\" \/><\/figure>\n\n\n\n<p><\/p>\n\n\n\n<p> I dalje se utje\u010dimo sv. Franji da njegova skromnost i poniznost u\u0111e i u na\u0161a srca, stanimo pred na\u0161im novim kipom, razmislimo o na\u0161emu Franji i zamolimo ga da \u010duva sve nas i na\u0161u \u017eupu. Znamo da je njegovo srce veliko, iako je u na\u0161oj \u017eupi kip bijele boje.. Bog ionako zajedno s Franjom vidi u srca svih nas&#8230;.Tko nosi mir u srcu izgra\u0111uje ovaj svijet na sliku Bo\u017eju  \u0161to nam je osobito prepoznatljivo u Franjinom geslu, \u0161to \u017eelimo i svima nama, MIR I DOBRO!<\/p>\n","protected":false},"excerpt":{"rendered":"<p>Bra\u0107i franjevcima Hrvatske franjeva\u010dke provincije sv. \u0106irila i Metoda povjerena je na\u0161a \u017eupa sv. Obitelji u Osijeku na Jugu2. Bogu smo zahvalni \u0161to smo i ove godine uspjeli, uz po\u0161tivanje mjera, proslaviti blagdan sv. Franje kao i trodnevnicu uo\u010di blagdana. Trodnevnicu je vodio fra Dragutin, \u017eupnik. Posebnost ovogodi\u0161nje trodnevnice je blagoslov novog kipa i privremeni <a href=\"http:\/\/svetaobitelj.hr\/?p=1975\" class=\"more-link\">[&hellip;]<\/a><\/p>\n","protected":false},"author":2,"featured_media":0,"comment_status":"closed","ping_status":"open","sticky":false,"template":"","format":"standard","meta":{"footnotes":""},"categories":[3],"tags":[],"class_list":["entry","author-","post-1975","post","type-post","status-publish","format-standard","category-zupa"],"_links":{"self":[{"href":"http:\/\/svetaobitelj.hr\/index.php?rest_route=\/wp\/v2\/posts\/1975","targetHints":{"allow":["GET"]}}],"collection":[{"href":"http:\/\/svetaobitelj.hr\/index.php?rest_route=\/wp\/v2\/posts"}],"about":[{"href":"http:\/\/svetaobitelj.hr\/index.php?rest_route=\/wp\/v2\/types\/post"}],"author":[{"embeddable":true,"href":"http:\/\/svetaobitelj.hr\/index.php?rest_route=\/wp\/v2\/users\/2"}],"replies":[{"embeddable":true,"href":"http:\/\/svetaobitelj.hr\/index.php?rest_route=%2Fwp%2Fv2%2Fcomments&post=1975"}],"version-history":[{"count":1,"href":"http:\/\/svetaobitelj.hr\/index.php?rest_route=\/wp\/v2\/posts\/1975\/revisions"}],"predecessor-version":[{"id":1982,"href":"http:\/\/svetaobitelj.hr\/index.php?rest_route=\/wp\/v2\/posts\/1975\/revisions\/1982"}],"wp:attachment":[{"href":"http:\/\/svetaobitelj.hr\/index.php?rest_route=%2Fwp%2Fv2%2Fmedia&parent=1975"}],"wp:term":[{"taxonomy":"category","embeddable":true,"href":"http:\/\/svetaobitelj.hr\/index.php?rest_route=%2Fwp%2Fv2%2Fcategories&post=1975"},{"taxonomy":"post_tag","embeddable":true,"href":"http:\/\/svetaobitelj.hr\/index.php?rest_route=%2Fwp%2Fv2%2Ftags&post=1975"}],"curies":[{"name":"wp","href":"https:\/\/api.w.org\/{rel}","templated":true}]}}