{"id":1964,"date":"2021-10-02T07:36:22","date_gmt":"2021-10-02T06:36:22","guid":{"rendered":"http:\/\/svetaobitelj.hr\/?p=1964"},"modified":"2021-10-02T07:36:22","modified_gmt":"2021-10-02T06:36:22","slug":"zupne-obavijesti-27-nedjelja-kroz-godinu-4","status":"publish","type":"post","link":"http:\/\/svetaobitelj.hr\/?p=1964","title":{"rendered":"\u017dupne obavijesti: 27. nedjelja kroz godinu"},"content":{"rendered":"\n<p><strong>Slavimo dvadeset i sedmu nedjelju kroz godinu. Prva je nedjelja u mjesecu kada se svojim molitvama i nov\u010danim prilozima sje\u0107amo na\u0161ih odgojnih ustanova \u2013 sjemeni\u0161ta te molimo za duhovna zvanja. U tijeku su listopadske pobo\u017enosti.<\/strong><\/p>\n\n\n\n<p><strong><u>Sutra<\/u><\/strong><strong> slavimo sv. Franju Asi\u0161koga, utemeljitelja franjeva\u010dkih redova. Svete mise su u 7:30 i 18:30 sati. Pod ve\u010dernjom svetom misom biti \u0107e slavlje privremenih zavjeta \u010dlanica Franjeva\u010dkog svjetovnog reda (OFS). U <u>srijedu<\/u> je susret molitvene zajednice nakon ve\u010dernje svete mise. U <u>\u010detvrtak<\/u> je klanjanje pred Presvetim nakon ve\u010dernje svete mise. <u>Petkom<\/u> su probe pjevanja mje\u0161ovitog \u017eupnog zbora nakon ve\u010dernje svete mise, a djeca imaju probu pjevanja <u>subotom<\/u> u 10 sati. pobo\u017enost bl. Mariji Petkovi\u0107 je u <u>subotu<\/u> u 18:15 sati. Raspored \u017eupnih kateheza imate na oglasnoj plo\u010di.<\/strong><\/p>\n\n\n\n<p><strong>\u0110akonsko re\u0111enje bit \u0107e u \u017dupnoj crkvi sv. Ivana XXIII pape, u Zagrebu u Dubravi, u subotu, 9. listopada ove godine u 10:00 sati. Zare\u0111eni \u0107e biti iz na\u0161e Hrvatske franjeva\u010dke provincije sv. \u0106irila i Metoda: fra Ivan Ivankovi\u0107 iz Na\u0161ica, fra Marko \u0106osi\u0107 iz Petrinje, fra Antonio Kirin iz Virovitice i fra Vinko Brkovi\u0107 iz Opatovca.<\/strong><\/p>\n\n\n\n<p><strong>Sljede\u0107e nedjelje slavimo dvadeset i osmu nedjelju kroz godinu. Redoviti susret Mjesnoga bratstva OFS-a bit \u0107e u 16:30 sati.<\/strong><\/p>\n\n\n\n<p><strong>Ovogodi\u0161nji katekumenat punoljetnih osoba za primanje sakramenata kr\u0161\u0107anske inicijacije zapo\u010det \u0107e 12. listopada u 19:15 sati u dvorani \u017eupe sv. Mihaela u Osijeku u Tvr\u0111i. Nije se potrebno unaprijed prijavljivati, nego je dovoljno do\u0107i na prvi susret kada \u0107e biti i upis.<\/strong><\/p>\n\n\n\n<p><strong>Me\u0111unarodni volonterski projekt \u201e72 sata bez kompromisa\u201c&nbsp; bit \u0107e od 14. do 17. listopada ove godine. Mladi koji \u017eele volontirati mogu se prijaviti na internetskoj stranici <\/strong><a href=\"http:\/\/www.72satahr\"><strong><em>www.72satahr<\/em><\/strong><\/a><strong><em> <\/em><\/strong><strong>gdje je detaljno obja\u0161njen postupak prijave. Prijave su do 9. listopada ove godine. Ako znate za potrebite kojima bi se moglo ovim projektom pomo\u0107i javite se g\u0111i Luci Jele\u010devi\u0107.<\/strong><\/p>\n\n\n\n<p><strong>Zahvalni za va\u0161u dosada\u0161nju pomo\u0107 kojom poma\u017eete obnovu na\u0161ih crkava i samostana nastradalih u pro\u0161logodi\u0161njim potresima, preporu\u010damo se i nadalje va\u0161oj dobroti. Svoj nov\u010dani prilog mo\u017eete dati u posebno ozna\u010denu \u0161krabicu pri izlazu iz crkve ili u \u017eupni ured ili direktno uplatiti na ra\u010dun koji se nalazi na plakatu ili letku.<\/strong><\/p>\n\n\n\n<p><strong>U na\u0161oj \u017eupnoj crkvi obveza je dezinfekcija ruku, no\u0161enje maski i potrebna udaljenost. Redari nam poma\u017eu u po\u0161tivanju tih mjera. Molimo sve vas koji jo\u0161 nemate \u017eupnu obiteljsku knji\u017eicu ili je potrebno upisati promjene u postoje\u0107e, da se javite u \u017eupni ured u uredovno vrijeme. Kupujte i \u010ditajte katoli\u010dki vjerski tisak. U \u017eupnom uredu i sakristiji mo\u017eete kupiti kalendare za sljede\u0107u godinu.<\/strong><\/p>\n\n\n\n<p><strong>RASPORED \u017dUPNIH KATEHEZA<\/strong><\/p>\n\n\n\n<p><strong>\u017dUPE SVETE OBITELJI \u2013 OSIJEK<\/strong><\/p>\n\n\n\n<p><strong><u>PRVI RAZREDI OSNOVNIH \u0160KOLA:<\/u><\/strong><\/p>\n\n\n\n<p><strong>O\u0160 \u201eTin Ujevi\u0107\u201c: subota, 9. listopada u 9:00<\/strong><\/p>\n\n\n\n<p><strong>O\u0160 \u201eGrigor Vitez\u201c: subota, 16. listopada u 9:00<\/strong><\/p>\n\n\n\n<p><strong><u>DRUGI RAZREDI OSNOVNIH \u0160KOLA:<\/u><\/strong><\/p>\n\n\n\n<p><strong>O\u0160 \u201eGrigor Vitez\u201c: ponedjeljak, 11. listopada 2a u 16:00; 2b u 17:00<\/strong><\/p>\n\n\n\n<p><strong>O\u0160 \u201eTin Ujevi\u0107\u201c: utorak, 12. listopada 2a u 16:00; 2b u 17:00<\/strong><\/p>\n\n\n\n<p><strong><u>TRE\u0106I RAZREDI OSNOVNIH \u0160KOLA:<\/u><\/strong><\/p>\n\n\n\n<p><strong>O\u0160 \u201eGrigor Vitez\u201c: ponedjeljak, 11. listopada 3a u 8:00; 3b u 9:00<\/strong><\/p>\n\n\n\n<p><strong>O\u0160 \u201eTin Ujevi\u0107\u201c: utorak, 12. listopada 3a u 14:00; 3b u 15:00<\/strong><\/p>\n\n\n\n<p><strong><u>OSMI RAZREDI OSNOVNIH \u0160KOLA:<\/u><\/strong><\/p>\n\n\n\n<p><strong>O\u0160 \u201eTin Ujevi\u0107\u201c: nedjelja, 10. listopada nakon ve\u010dernje svete mise<\/strong><\/p>\n\n\n\n<p><strong>O\u0160 \u201eGrigor Vitez\u201c: nedjelja, 17. listopada nakon ve\u010dernje svete mise<\/strong><\/p>\n\n\n\n<p><strong><u>PRVI RAZREDI SREDNJIH \u0160KOLA:<\/u><\/strong><strong>&nbsp;<\/strong><\/p>\n\n\n\n<p><strong>Nedjelja, 24. listopada nakon ve\u010dernje svete mise<\/strong><\/p>\n\n\n\n<p><strong><u>DRUGI RAZREDI SREDNJIH \u0160KOLA:<\/u><\/strong><\/p>\n\n\n\n<p><strong>\u010cetvrtak, 14. listopada, u 9:00 s prezimenima od A do L; u 10:00 ostali<\/strong><\/p>\n\n\n\n<p><strong>\u010cetvrtak, 14. listopada, u 15:00 s prezimenima od A do L; u 16:00 ostali<\/strong><\/p>\n\n\n\n<p><strong><em>Ovaj raspored vrijedi za prvi susret na kojem \u0107e se konkretnije re\u0107i to\u010dan raspored!<\/em><\/strong><\/p>\n","protected":false},"excerpt":{"rendered":"<p>Slavimo dvadeset i sedmu nedjelju kroz godinu. Prva je nedjelja u mjesecu kada se svojim molitvama i nov\u010danim prilozima sje\u0107amo na\u0161ih odgojnih ustanova \u2013 sjemeni\u0161ta te molimo za duhovna zvanja. U tijeku su listopadske pobo\u017enosti. Sutra slavimo sv. Franju Asi\u0161koga, utemeljitelja franjeva\u010dkih redova. Svete mise su u 7:30 i 18:30 sati. Pod ve\u010dernjom svetom misom <a href=\"http:\/\/svetaobitelj.hr\/?p=1964\" class=\"more-link\">[&hellip;]<\/a><\/p>\n","protected":false},"author":2,"featured_media":0,"comment_status":"closed","ping_status":"open","sticky":false,"template":"","format":"standard","meta":{"footnotes":""},"categories":[3],"tags":[],"class_list":["entry","author-","post-1964","post","type-post","status-publish","format-standard","category-zupa"],"_links":{"self":[{"href":"http:\/\/svetaobitelj.hr\/index.php?rest_route=\/wp\/v2\/posts\/1964","targetHints":{"allow":["GET"]}}],"collection":[{"href":"http:\/\/svetaobitelj.hr\/index.php?rest_route=\/wp\/v2\/posts"}],"about":[{"href":"http:\/\/svetaobitelj.hr\/index.php?rest_route=\/wp\/v2\/types\/post"}],"author":[{"embeddable":true,"href":"http:\/\/svetaobitelj.hr\/index.php?rest_route=\/wp\/v2\/users\/2"}],"replies":[{"embeddable":true,"href":"http:\/\/svetaobitelj.hr\/index.php?rest_route=%2Fwp%2Fv2%2Fcomments&post=1964"}],"version-history":[{"count":1,"href":"http:\/\/svetaobitelj.hr\/index.php?rest_route=\/wp\/v2\/posts\/1964\/revisions"}],"predecessor-version":[{"id":1965,"href":"http:\/\/svetaobitelj.hr\/index.php?rest_route=\/wp\/v2\/posts\/1964\/revisions\/1965"}],"wp:attachment":[{"href":"http:\/\/svetaobitelj.hr\/index.php?rest_route=%2Fwp%2Fv2%2Fmedia&parent=1964"}],"wp:term":[{"taxonomy":"category","embeddable":true,"href":"http:\/\/svetaobitelj.hr\/index.php?rest_route=%2Fwp%2Fv2%2Fcategories&post=1964"},{"taxonomy":"post_tag","embeddable":true,"href":"http:\/\/svetaobitelj.hr\/index.php?rest_route=%2Fwp%2Fv2%2Ftags&post=1964"}],"curies":[{"name":"wp","href":"https:\/\/api.w.org\/{rel}","templated":true}]}}